{"id":400419,"date":"2021-08-11T12:33:35","date_gmt":"2021-08-11T12:33:35","guid":{"rendered":"https:\/\/www.hier-luebeck.de\/index.php\/sos-kinderdorf-gibt-jungen-menschen-am-internationalen-tag-der-jugend-eine-stimme-es-ist-zeitfuermehr-fuenf-konkrete-forderungen-zur-bundestagswahl-2021\/"},"modified":"2021-08-11T12:33:35","modified_gmt":"2021-08-11T12:33:35","slug":"sos-kinderdorf-gibt-jungen-menschen-am-internationalen-tag-der-jugend-eine-stimme-es-ist-zeitfuermehr-fuenf-konkrete-forderungen-zur-bundestagswahl-2021","status":"publish","type":"post","link":"https:\/\/hier-luebeck.de\/index.php\/sos-kinderdorf-gibt-jungen-menschen-am-internationalen-tag-der-jugend-eine-stimme-es-ist-zeitfuermehr-fuenf-konkrete-forderungen-zur-bundestagswahl-2021\/","title":{"rendered":"SOS-Kinderdorf gibt jungen Menschen am Internationalen Tag der Jugend eine Stimme: Es ist #Zeitf\u00fcrMehr!\/F\u00fcnf konkrete Forderungen zur Bundestagswahl 2021"},"content":{"rendered":"<p>M\u00fcnchen (ots) &#8211; Junge Menschen werden in Deutschland immer noch zu wenig geh\u00f6rt, wenn es um ihre Belange geht &#8211; das hat die Corona-Pandemie erst in aller Deutlichkeit aufgezeigt. Zum Internationalen Tag der Jugend stellt SOS-Kinderdorf mit seiner Kampagne #Zeitf\u00fcrMehr f\u00fcnf konkrete Forderungen an die Politik, um echte Beteiligung von Kindern und Jugendlichen endlich Realit\u00e4t werden zu lassen.<!--more-->   Die Vorstandsvorsitzende von SOS-Kinderdorf e.V., Prof. Sabina Schutter, erkl\u00e4rt: &#8222;Kinder und Jugendliche haben bei der Bundestagswahl keine Stimme. Sie sollten aber eine zentrale Rolle spielen, wenn es um politische Entscheidungen geht. SOS-Kinderdorf setzt sich deshalb daf\u00fcr ein, dass die Stimme junger Menschen geh\u00f6rt wird. Die Lebenswelten junger Menschen unterscheiden sich von denen der Erwachsenen. Im Zentrum unserer Forderungen steht deshalb der Anspruch auf ein gerechtes Aufwachsen. Das bedeutet, dass Kinder und Jugendliche ihre Gegenwart gestalten k\u00f6nnen, denn ihr Leben findet jetzt statt. Es bedeutet aber auch, dass sie ihre Zukunft gestalten und Mitsprache erhalten, wenn es beispielsweise um die Zukunft unserer Lebensr\u00e4ume geht.&#8220;   Die f\u00fcnf Forderungen von SOS-Kinderdorf sind:   1. Es ist Zeit f\u00fcr mehr Freir\u00e4ume!   Junge Menschen sind nicht nur Sch\u00fclerinnen und Sch\u00fcler. Aufwachsen und Entwicklung d\u00fcrfen nicht allein als Qualifizierungsprozess gedacht und zweckgerichtet an Leistung, Schule und Ausbildung orientiert sein. Wir fordern, dass Kinder und Jugendliche mehr selbstbestimmte Zeit haben, ihr eigenes Leben wieder st\u00e4rker mitgestalten k\u00f6nnen und mehr Freir\u00e4ume f\u00fcr ihre ganzheitliche Entwicklung bekommen.   1. Es ist Zeit f\u00fcr mehr Geh\u00f6r!   Junge Menschen m\u00fcssen bei allen wichtigen Entscheidungen, die sie betreffen, geh\u00f6rt werden. Ihre Beteiligung in institutionellen Kontexten, nicht zuletzt in der Schule, ist essenziell f\u00fcr die Wahrnehmung und Beachtung ihrer Interessen. Wir fordern, dass Kinder und Jugendliche ernst genommen und einbezogen werden und dass sie ihre Belange selbst vertreten k\u00f6nnen.   1. Es ist Zeit f\u00fcr mehr Bildungsgerechtigkeit!   Bildung ist der zentrale Weg zu mehr Chancengerechtigkeit und sozialer Teilhabe. Sie darf nicht l\u00e4nger von der sozialen Herkunft abh\u00e4ngen. Wir fordern, dass junge Menschen in ihren Bildungsprozessen so individuell wie m\u00f6glich unterst\u00fctzt werden und eine zweite oder dritte Chance bekommen, wenn sie diese brauchen.   1. Es ist Zeit f\u00fcr mehr Rechte!   Die Rechte aller Kinder und Jugendlichen m\u00fcssen deutlich gest\u00e4rkt und verl\u00e4sslich umgesetzt werden. Wir fordern die Integration von Kinderrechten ins Grundgesetz, die Ber\u00fccksichtigung \u00f6kologischer Kinderrechte in der Politik, und mehr Bildung f\u00fcr nachhaltige Entwicklung in Bildungsinstitutionen. Zudem m\u00fcssen junge Menschen in allen Lebensbereichen besser vor Gewalt gesch\u00fctzt und in ihrer Entwicklung ganzheitlich gef\u00f6rdert werden. Die UN-Kinderrechtskonvention muss in Deutschland endlich mit mehr Leben gef\u00fcllt werden.   1. Es ist Zeit f\u00fcr mehr Zukunftschancen!   Gro\u00dfe Zukunftsthemen werden h\u00e4ufig ohne die bewegt, die die Zukunft gestalten &#8211; Kinder und Jugendliche. Die &#8222;junge Generation&#8220; muss bei gro\u00dfen Entscheidungen systematisch mitgedacht werden, denn sie hat deren Folgen zu tragen. Die politische Beteiligung von jungen Menschen muss strukturell auf Kommunal-, L\u00e4nder- und Bundesebene verankert werden. Wir fordern, dass mehr Verantwortung f\u00fcr die Zukunftschancen junger Menschen \u00fcbernommen und f\u00fcr mehr Verteilungsgerechtigkeit unter den Generationen &#8211; auch mit Blick auf bestehende soziale Ungleichheiten &#8211; gesorgt wird.   Mehr Informationen zur Kampagne #Zeitf\u00fcrMehr finden Sie hier (https:\/\/www.sos-kinderdorf.de\/portal\/ueber-uns\/politische-arbeit\/positionen-und-stellungnahmen\/sozialpolitische-positionierung\/-zeitfuermehr-110350) auf der Website von SOS-Kinderdorf.   Pressekontakt:   SOS-Kinderdorf e.V. Victoria Leipert Renatastra\u00dfe 77 80639 M\u00fcnchen Telefon 089-12606491 Mobil 0176-12605262 victoria.leipert@sos-kinderdorf.de www.sos-kinderdorf.de  Original-Content von: SOS-Kinderdorf e.V., \u00fcbermittelt durch news aktuell<\/p>\n<p>Quelle: <a href=\"https:\/\/www.presseportal.de\/pm\/12506\/4991650\" target=\"_blank\" rel=\"noopener noreferrer\">presseportal.de<\/a><\/p>\n","protected":false},"excerpt":{"rendered":"<p>M\u00fcnchen (ots) &#8211; Junge Menschen werden in Deutschland immer noch zu wenig geh\u00f6rt, wenn es um ihre Belange geht &#8211;<\/p>\n","protected":false},"author":3,"featured_media":0,"comment_status":"closed","ping_status":"open","sticky":false,"template":"","format":"standard","meta":{"colormag_page_container_layout":"default_layout","colormag_page_sidebar_layout":"default_layout","footnotes":""},"categories":[5],"tags":[],"class_list":["post-400419","post","type-post","status-publish","format-standard","hentry","category-politik-wirtschaft"],"_links":{"self":[{"href":"https:\/\/hier-luebeck.de\/index.php\/wp-json\/wp\/v2\/posts\/400419","targetHints":{"allow":["GET"]}}],"collection":[{"href":"https:\/\/hier-luebeck.de\/index.php\/wp-json\/wp\/v2\/posts"}],"about":[{"href":"https:\/\/hier-luebeck.de\/index.php\/wp-json\/wp\/v2\/types\/post"}],"author":[{"embeddable":true,"href":"https:\/\/hier-luebeck.de\/index.php\/wp-json\/wp\/v2\/users\/3"}],"replies":[{"embeddable":true,"href":"https:\/\/hier-luebeck.de\/index.php\/wp-json\/wp\/v2\/comments?post=400419"}],"version-history":[{"count":0,"href":"https:\/\/hier-luebeck.de\/index.php\/wp-json\/wp\/v2\/posts\/400419\/revisions"}],"wp:attachment":[{"href":"https:\/\/hier-luebeck.de\/index.php\/wp-json\/wp\/v2\/media?parent=400419"}],"wp:term":[{"taxonomy":"category","embeddable":true,"href":"https:\/\/hier-luebeck.de\/index.php\/wp-json\/wp\/v2\/categories?post=400419"},{"taxonomy":"post_tag","embeddable":true,"href":"https:\/\/hier-luebeck.de\/index.php\/wp-json\/wp\/v2\/tags?post=400419"}],"curies":[{"name":"wp","href":"https:\/\/api.w.org\/{rel}","templated":true}]}}