{"id":400420,"date":"2021-08-11T11:32:06","date_gmt":"2021-08-11T11:32:06","guid":{"rendered":"https:\/\/www.hier-luebeck.de\/index.php\/alice-weidel-merkel-und-soeder-lassen-lockdown-katze-aus-dem-sack\/"},"modified":"2021-08-11T11:32:06","modified_gmt":"2021-08-11T11:32:06","slug":"alice-weidel-merkel-und-soeder-lassen-lockdown-katze-aus-dem-sack","status":"publish","type":"post","link":"https:\/\/hier-luebeck.de\/index.php\/alice-weidel-merkel-und-soeder-lassen-lockdown-katze-aus-dem-sack\/","title":{"rendered":"Alice Weidel: Merkel und S\u00f6der lassen Lockdown-Katze aus dem Sack"},"content":{"rendered":"<p>Berlin (ots) &#8211; Auf der Pressekonferenz zum Corona-Gipfel hat Bundeskanzlerin Merkel gestern bekr\u00e4ftigt, dass Geimpfte bei Steigerung des Infektionsgeschehens &#8222;anders behandelt&#8220; werden sollen als Ungeimpfte. Bayerns Ministerpr\u00e4sident S\u00f6der wollte einen Lockdown ausschlie\u00dfen nur &#8222;f\u00fcr Zweitgeimpfte&#8220;, nicht aber f\u00fcr Ungeimpfte.<!--more--> Dazu erkl\u00e4rt Alice Weidel, AfD-Spitzenkandidatin f\u00fcr die Bundestagswahl:   &#8222;Nachdem sie bislang ihren Kanzleramtsminister vorgeschickt hatte, lie\u00df Merkel gestern die Katze aus dem Sack. Der Lockdown f\u00fcr nicht geimpfte, gesunde B\u00fcrger ist in Planung. Die verfassungswidrige und freiheitsfeindliche Zwei-Klassen-Gesellschaft soll nach der Bundestagswahl kommen. Merkel und S\u00f6der spalten die Gesellschaft in Geimpfte und Ungeimpfte und nehmen dabei auf Laschet keine R\u00fccksicht mehr. Sie besch\u00e4digen den eigenen Kanzlerkandidaten und preisen ein, dass freiheitliche Unionsw\u00e4hler ihre Stimme der AfD geben werden. Wir sind n\u00e4mlich die einzige Partei, die die Freiheit der B\u00fcrger ehrlich und entschlossen verteidigt.&#8220;   Pressekontakt:   Alternative f\u00fcr Deutschland Bundesgesch\u00e4ftsstelle  Schillstra\u00dfe 9 \/ 10785 Berlin Telefon: 030 220 5696 50 E-Mail: presse@afd.de  Original-Content von: AfD &#8211; Alternative f\u00fcr Deutschland, \u00fcbermittelt durch news aktuell<\/p>\n<p>Quelle: <a href=\"https:\/\/www.presseportal.de\/pm\/110332\/4991548\" target=\"_blank\" rel=\"noopener noreferrer\">presseportal.de<\/a><\/p>\n","protected":false},"excerpt":{"rendered":"<p>Berlin (ots) &#8211; Auf der Pressekonferenz zum Corona-Gipfel hat Bundeskanzlerin Merkel gestern bekr\u00e4ftigt, dass Geimpfte bei Steigerung des Infektionsgeschehens &#8222;anders<\/p>\n","protected":false},"author":3,"featured_media":0,"comment_status":"closed","ping_status":"open","sticky":false,"template":"","format":"standard","meta":{"colormag_page_container_layout":"default_layout","colormag_page_sidebar_layout":"default_layout","footnotes":""},"categories":[5],"tags":[],"class_list":["post-400420","post","type-post","status-publish","format-standard","hentry","category-politik-wirtschaft"],"_links":{"self":[{"href":"https:\/\/hier-luebeck.de\/index.php\/wp-json\/wp\/v2\/posts\/400420","targetHints":{"allow":["GET"]}}],"collection":[{"href":"https:\/\/hier-luebeck.de\/index.php\/wp-json\/wp\/v2\/posts"}],"about":[{"href":"https:\/\/hier-luebeck.de\/index.php\/wp-json\/wp\/v2\/types\/post"}],"author":[{"embeddable":true,"href":"https:\/\/hier-luebeck.de\/index.php\/wp-json\/wp\/v2\/users\/3"}],"replies":[{"embeddable":true,"href":"https:\/\/hier-luebeck.de\/index.php\/wp-json\/wp\/v2\/comments?post=400420"}],"version-history":[{"count":0,"href":"https:\/\/hier-luebeck.de\/index.php\/wp-json\/wp\/v2\/posts\/400420\/revisions"}],"wp:attachment":[{"href":"https:\/\/hier-luebeck.de\/index.php\/wp-json\/wp\/v2\/media?parent=400420"}],"wp:term":[{"taxonomy":"category","embeddable":true,"href":"https:\/\/hier-luebeck.de\/index.php\/wp-json\/wp\/v2\/categories?post=400420"},{"taxonomy":"post_tag","embeddable":true,"href":"https:\/\/hier-luebeck.de\/index.php\/wp-json\/wp\/v2\/tags?post=400420"}],"curies":[{"name":"wp","href":"https:\/\/api.w.org\/{rel}","templated":true}]}}