{"id":400464,"date":"2021-08-11T16:17:35","date_gmt":"2021-08-11T16:17:35","guid":{"rendered":"https:\/\/www.hier-luebeck.de\/index.php\/curio-afghanen-gegebenenfalls-heimatnah-unterbringen-und-grenzen-fuer-illegale-migranten-dichtmachen\/"},"modified":"2021-08-11T16:17:35","modified_gmt":"2021-08-11T16:17:35","slug":"curio-afghanen-gegebenenfalls-heimatnah-unterbringen-und-grenzen-fuer-illegale-migranten-dichtmachen","status":"publish","type":"post","link":"https:\/\/hier-luebeck.de\/index.php\/curio-afghanen-gegebenenfalls-heimatnah-unterbringen-und-grenzen-fuer-illegale-migranten-dichtmachen\/","title":{"rendered":"Curio: Afghanen gegebenenfalls heimatnah unterbringen und Grenzen f\u00fcr illegale Migranten dichtmachen"},"content":{"rendered":"<p>Berlin (ots) &#8211; Zur Aussetzung von Abschiebungen nach Afghanistan erkl\u00e4rt der innenpolitische Sprecher der AfD-Bundestagsfraktion, Gottfried Curio:   &#8222;Seit Jahren hat die AfD-Fraktion die Regierung aufgefordert, beschlossene Abschiebungen auch tats\u00e4chlich umzusetzen. Wie sich jetzt zeigt, h\u00e4tte man dies besser tun sollen &#8211; vor allem, solange man die Lage im Lande vor Ort unter Kontrolle hatte.<!--more--> \u00dcber Jahre hat die Regierung deutsche Soldaten in Afghanistan verheizt, ohne das Geringste zu erreichen. Aber w\u00e4hrend deutsche B\u00fcrger f\u00fcr die Sicherheitslage Afghanistans sterben d\u00fcrfen, scheint eine Verteidigung ihres eigenen Landes gegen den islamischen Terror wehrf\u00e4higen afghanischen M\u00e4nnern nicht zumutbar zu sein.   Ein Abschiebestopp nach Afghanistan bedeutet nicht, dass L\u00e4nder zwischen Afghanistan und Deutschland nicht sichere Auffangregionen w\u00e4ren. Die Sicherheitslage in Afghanistan darf nicht dazu missbraucht werden, Deutschland als Wunschzielland f\u00fcr alle Afghanistanmigranten jetzt de facto f\u00fcr zust\u00e4ndig zu erkl\u00e4ren, wozu es weder kulturell noch historisch oder wirtschaftlich Veranlassung gibt. Vielmehr stehen hier die Nachbarl\u00e4nder in der Pflicht.   Mehr denn je zeigt die jetzige Entscheidung die absolute Notwendigkeit auf, afghanische Staatsb\u00fcrger gegebenenfalls heimatnah unterzubringen und die europ\u00e4ischen und vor allem die deutschen Grenzen f\u00fcr alle illegalen Migranten dichtzumachen. Wenn nicht endlich deutsche Interessen mit Nachdruck vertreten werden, wird sich auch das unr\u00fchmliche Thema des innereurop\u00e4ischen Asyltourismus &#8211; in Anbetracht der Unwilligkeit mancher europ\u00e4ischer Staaten, sich noch an die von Merkel rechtswidrig aufgehobenen Dublin III Regeln zu halten &#8211; bald dramatisch auf die Tagesordnung zur\u00fcckmelden.&#8220;   Pressekontakt:   Pressestelle der AfD-Fraktion im Deutschen Bundestag Tel. 030 22757029  Original-Content von: AfD-Fraktion im Deutschen Bundestag, \u00fcbermittelt durch news aktuell<\/p>\n<p>Quelle: <a href=\"https:\/\/www.presseportal.de\/pm\/130241\/4991941\" target=\"_blank\" rel=\"noopener noreferrer\">presseportal.de<\/a><\/p>\n","protected":false},"excerpt":{"rendered":"<p>Berlin (ots) &#8211; Zur Aussetzung von Abschiebungen nach Afghanistan erkl\u00e4rt der innenpolitische Sprecher der AfD-Bundestagsfraktion, Gottfried Curio: &#8222;Seit Jahren hat<\/p>\n","protected":false},"author":3,"featured_media":0,"comment_status":"closed","ping_status":"open","sticky":false,"template":"","format":"standard","meta":{"colormag_page_container_layout":"default_layout","colormag_page_sidebar_layout":"default_layout","footnotes":""},"categories":[5],"tags":[],"class_list":["post-400464","post","type-post","status-publish","format-standard","hentry","category-politik-wirtschaft"],"_links":{"self":[{"href":"https:\/\/hier-luebeck.de\/index.php\/wp-json\/wp\/v2\/posts\/400464","targetHints":{"allow":["GET"]}}],"collection":[{"href":"https:\/\/hier-luebeck.de\/index.php\/wp-json\/wp\/v2\/posts"}],"about":[{"href":"https:\/\/hier-luebeck.de\/index.php\/wp-json\/wp\/v2\/types\/post"}],"author":[{"embeddable":true,"href":"https:\/\/hier-luebeck.de\/index.php\/wp-json\/wp\/v2\/users\/3"}],"replies":[{"embeddable":true,"href":"https:\/\/hier-luebeck.de\/index.php\/wp-json\/wp\/v2\/comments?post=400464"}],"version-history":[{"count":0,"href":"https:\/\/hier-luebeck.de\/index.php\/wp-json\/wp\/v2\/posts\/400464\/revisions"}],"wp:attachment":[{"href":"https:\/\/hier-luebeck.de\/index.php\/wp-json\/wp\/v2\/media?parent=400464"}],"wp:term":[{"taxonomy":"category","embeddable":true,"href":"https:\/\/hier-luebeck.de\/index.php\/wp-json\/wp\/v2\/categories?post=400464"},{"taxonomy":"post_tag","embeddable":true,"href":"https:\/\/hier-luebeck.de\/index.php\/wp-json\/wp\/v2\/tags?post=400464"}],"curies":[{"name":"wp","href":"https:\/\/api.w.org\/{rel}","templated":true}]}}