{"id":400532,"date":"2021-08-12T15:06:54","date_gmt":"2021-08-12T15:06:54","guid":{"rendered":"https:\/\/www.hier-luebeck.de\/?p=400532"},"modified":"2021-08-12T15:06:54","modified_gmt":"2021-08-12T15:06:54","slug":"pol-rz-streit-unter-lkw-fahrern-eskaliert","status":"publish","type":"post","link":"https:\/\/hier-luebeck.de\/index.php\/pol-rz-streit-unter-lkw-fahrern-eskaliert\/","title":{"rendered":"POL-RZ: Streit unter LKW- Fahrern eskaliert"},"content":{"rendered":"<p>Ratzeburg (ots) &#8211; 12. August 2021   | Kreis Stormarn &#8211; 11.08.2021 &#8211; BAB1\/ Siek   Am 11. August 2021 kam es gegen 16:15 Uhr auf der Autobahn zu einem Streit unter LKW- Fahrern.   Nach bisherigem Erkenntnisstand sollen die Fahrer von zwei Sattelz\u00fcgen einen Konflikt in einer Baustelle auf der BAB1 H\u00f6he Hamburg Billstedt gehabt haben.<!--more--> Im Baustellenbereich bewarf der 37- j\u00e4hrige Fahrer eines gelben Sattelzuges einen roten Sattelzug mit Gegenst\u00e4nden. Der 57-j\u00e4hrige Fahrer des roten Sattelzuges f\u00e4hrt weiter auf der BAB 1 in Richtung Fehmarn. In H\u00f6he des Parkplatzes Ohlendiek stellt der 37- j\u00e4hrige seinen gelben Sattelzug quer vor seinem Kontrahenten auf der Fahrbahn ab. Dieser musste eine Notbremsung einleiten, um einen Unfall zu verhindern. Es kam zu einem kurzen Wortgefecht und im Anschluss setzten beide ihre Fahrt fort.   Gegen den 37- j\u00e4hrigen Fahrer des gelben Fahrzeuges wird wegen des Verdachts des gef\u00e4hrlichen Eingriffs in den Stra\u00dfenverkehr ermittelt.   Wer hat diese Vorf\u00e4lle beobachtet? Hinweise nimmt das Polizeiautobahn- und Bezirksrevier Bad Oldesloe unter der Telefonnummer: 04531\/ 1706-0 entgegen.   <\/p>\n<p>Quelle: <a href=\"https:\/\/www.presseportal.de\/blaulicht\/pm\/43735\/4992828\" target=\"_blank\" rel=\"noopener noreferrer\">presseportal.de<\/a><\/p>\n","protected":false},"excerpt":{"rendered":"<p>Ratzeburg (ots) &#8211; 12. August 2021 | Kreis Stormarn &#8211; 11.08.2021 &#8211; BAB1\/ Siek Am 11. August 2021 kam es<\/p>\n","protected":false},"author":3,"featured_media":0,"comment_status":"closed","ping_status":"open","sticky":false,"template":"","format":"standard","meta":{"colormag_page_container_layout":"default_layout","colormag_page_sidebar_layout":"default_layout","footnotes":""},"categories":[20],"tags":[],"class_list":["post-400532","post","type-post","status-publish","format-standard","hentry","category-besondere-neuigkeiten"],"_links":{"self":[{"href":"https:\/\/hier-luebeck.de\/index.php\/wp-json\/wp\/v2\/posts\/400532","targetHints":{"allow":["GET"]}}],"collection":[{"href":"https:\/\/hier-luebeck.de\/index.php\/wp-json\/wp\/v2\/posts"}],"about":[{"href":"https:\/\/hier-luebeck.de\/index.php\/wp-json\/wp\/v2\/types\/post"}],"author":[{"embeddable":true,"href":"https:\/\/hier-luebeck.de\/index.php\/wp-json\/wp\/v2\/users\/3"}],"replies":[{"embeddable":true,"href":"https:\/\/hier-luebeck.de\/index.php\/wp-json\/wp\/v2\/comments?post=400532"}],"version-history":[{"count":0,"href":"https:\/\/hier-luebeck.de\/index.php\/wp-json\/wp\/v2\/posts\/400532\/revisions"}],"wp:attachment":[{"href":"https:\/\/hier-luebeck.de\/index.php\/wp-json\/wp\/v2\/media?parent=400532"}],"wp:term":[{"taxonomy":"category","embeddable":true,"href":"https:\/\/hier-luebeck.de\/index.php\/wp-json\/wp\/v2\/categories?post=400532"},{"taxonomy":"post_tag","embeddable":true,"href":"https:\/\/hier-luebeck.de\/index.php\/wp-json\/wp\/v2\/tags?post=400532"}],"curies":[{"name":"wp","href":"https:\/\/api.w.org\/{rel}","templated":true}]}}