{"id":400533,"date":"2021-08-12T11:56:03","date_gmt":"2021-08-12T11:56:03","guid":{"rendered":"https:\/\/www.hier-luebeck.de\/index.php\/pol-rz-motorradfahrer-toedlich-verunglueckt-2\/"},"modified":"2021-08-12T11:56:03","modified_gmt":"2021-08-12T11:56:03","slug":"pol-rz-motorradfahrer-toedlich-verunglueckt-2","status":"publish","type":"post","link":"https:\/\/hier-luebeck.de\/index.php\/pol-rz-motorradfahrer-toedlich-verunglueckt-2\/","title":{"rendered":"POL-RZ: Motorradfahrer t\u00f6dlich verungl\u00fcckt"},"content":{"rendered":"<p>Ratzeburg (ots) &#8211; 12. August 2021   | Kreis Stormarn &#8211; 11.08.2021 &#8211; Braak   Gemeinsame Medieninformation der Staatsanwaltschaft L\u00fcbeck und der Polizeidirektion Ratzeburg   Am 11.08.2021 kam es gegen 10Uhr in der N\u00e4he von Braak zu einem t\u00f6dlichen Verkehrsunfall.<!--more-->   Nach bisherigem Erkenntnisstand befuhr ein 37- j\u00e4hriger Motorradfahrer aus dem Kreis Herzogtum Lauenburg die K96 von Stemwarde in Richtung Braak. Im Bereich einer Linkskurve kam der Fahrer einer Kawasaki aus ungekl\u00e4rter Ursache von der Fahrbahn ab und \u00fcberschlug sich. Der Kradfahrer verstarb noch an der Unfallstelle.   Christian Braunwarth, Pressesprecher der Staatsanwaltschaft L\u00fcbeck   Jacqueline Fischer, Pressesprecherin der Polizeidirektion Ratzeburg   Hinweise: Nachfragen zu dieser Medieninformation richten Sie bitte an die Pressestelle der Polizeidirektion Ratzeburg.   <\/p>\n<p>Quelle: <a href=\"https:\/\/www.presseportal.de\/blaulicht\/pm\/43735\/4992550\" target=\"_blank\" rel=\"noopener noreferrer\">presseportal.de<\/a><\/p>\n","protected":false},"excerpt":{"rendered":"<p>Ratzeburg (ots) &#8211; 12. August 2021 | Kreis Stormarn &#8211; 11.08.2021 &#8211; Braak Gemeinsame Medieninformation der Staatsanwaltschaft L\u00fcbeck und der<\/p>\n","protected":false},"author":3,"featured_media":0,"comment_status":"closed","ping_status":"open","sticky":false,"template":"","format":"standard","meta":{"colormag_page_container_layout":"default_layout","colormag_page_sidebar_layout":"default_layout","footnotes":""},"categories":[20],"tags":[],"class_list":["post-400533","post","type-post","status-publish","format-standard","hentry","category-besondere-neuigkeiten"],"_links":{"self":[{"href":"https:\/\/hier-luebeck.de\/index.php\/wp-json\/wp\/v2\/posts\/400533","targetHints":{"allow":["GET"]}}],"collection":[{"href":"https:\/\/hier-luebeck.de\/index.php\/wp-json\/wp\/v2\/posts"}],"about":[{"href":"https:\/\/hier-luebeck.de\/index.php\/wp-json\/wp\/v2\/types\/post"}],"author":[{"embeddable":true,"href":"https:\/\/hier-luebeck.de\/index.php\/wp-json\/wp\/v2\/users\/3"}],"replies":[{"embeddable":true,"href":"https:\/\/hier-luebeck.de\/index.php\/wp-json\/wp\/v2\/comments?post=400533"}],"version-history":[{"count":0,"href":"https:\/\/hier-luebeck.de\/index.php\/wp-json\/wp\/v2\/posts\/400533\/revisions"}],"wp:attachment":[{"href":"https:\/\/hier-luebeck.de\/index.php\/wp-json\/wp\/v2\/media?parent=400533"}],"wp:term":[{"taxonomy":"category","embeddable":true,"href":"https:\/\/hier-luebeck.de\/index.php\/wp-json\/wp\/v2\/categories?post=400533"},{"taxonomy":"post_tag","embeddable":true,"href":"https:\/\/hier-luebeck.de\/index.php\/wp-json\/wp\/v2\/tags?post=400533"}],"curies":[{"name":"wp","href":"https:\/\/api.w.org\/{rel}","templated":true}]}}