{"id":400536,"date":"2021-08-12T13:57:28","date_gmt":"2021-08-12T13:57:28","guid":{"rendered":"https:\/\/www.hier-luebeck.de\/index.php\/pol-hl-oh-wangels-mann-bei-arbeiten-in-wangels-verstorben\/"},"modified":"2021-08-12T13:57:28","modified_gmt":"2021-08-12T13:57:28","slug":"pol-hl-oh-wangels-mann-bei-arbeiten-in-wangels-verstorben","status":"publish","type":"post","link":"https:\/\/hier-luebeck.de\/index.php\/pol-hl-oh-wangels-mann-bei-arbeiten-in-wangels-verstorben\/","title":{"rendered":"POL-HL: OH-Wangels \/ Mann bei Arbeiten in Wangels verstorben"},"content":{"rendered":"<p>L\u00fcbeck (ots) &#8211;    Gemeinsame Medien-Information der Staatsanwaltschaft L\u00fcbeck und der Polizeidirektion L\u00fcbeck:   Am 11.08.2021 kam ein 83-j\u00e4hriger Mann im Rahmen privater Arbeiten mit einem Traktor und einem Anh\u00e4nger auf einem Feld in Wangels ums Leben.<!--more--> Nach ersten Ermittlungen geriet der Mann gegen 18:15 Uhr aus bisher ungekl\u00e4rter Ursache unter den Anh\u00e4nger und verstarb in der Folge am Unfallort.   Der Leichnam des Verstorbenen und der Anh\u00e4nger wurden auf Anordnung der Staatsanwaltschaft L\u00fcbeck beschlagnahmt. Die Staatsanwaltschaft L\u00fcbeck hat die Obduktion des Leichnams beantragt.   Die Ermittlungen zu den Todesumst\u00e4nden werden von der Kriminalpolizei Oldenburg gef\u00fchrt.   Nachfragen zu dieser Medien-Information richten Sie bitte an die Pressestelle der Polizeidirektion L\u00fcbeck.   Christian Braunwarth, Pressesprecher der Staatsanwaltschaft L\u00fcbeck Jarina Freericks, Pressesprecherin der Polizeidirektion L\u00fcbeck   <\/p>\n<p>Quelle: <a href=\"https:\/\/www.presseportal.de\/blaulicht\/pm\/43738\/4992729\" target=\"_blank\" rel=\"noopener noreferrer\">presseportal.de<\/a><\/p>\n","protected":false},"excerpt":{"rendered":"<p>L\u00fcbeck (ots) &#8211; Gemeinsame Medien-Information der Staatsanwaltschaft L\u00fcbeck und der Polizeidirektion L\u00fcbeck: Am 11.08.2021 kam ein 83-j\u00e4hriger Mann im Rahmen<\/p>\n","protected":false},"author":3,"featured_media":0,"comment_status":"closed","ping_status":"open","sticky":false,"template":"","format":"standard","meta":{"colormag_page_container_layout":"default_layout","colormag_page_sidebar_layout":"default_layout","footnotes":""},"categories":[20],"tags":[],"class_list":["post-400536","post","type-post","status-publish","format-standard","hentry","category-besondere-neuigkeiten"],"_links":{"self":[{"href":"https:\/\/hier-luebeck.de\/index.php\/wp-json\/wp\/v2\/posts\/400536","targetHints":{"allow":["GET"]}}],"collection":[{"href":"https:\/\/hier-luebeck.de\/index.php\/wp-json\/wp\/v2\/posts"}],"about":[{"href":"https:\/\/hier-luebeck.de\/index.php\/wp-json\/wp\/v2\/types\/post"}],"author":[{"embeddable":true,"href":"https:\/\/hier-luebeck.de\/index.php\/wp-json\/wp\/v2\/users\/3"}],"replies":[{"embeddable":true,"href":"https:\/\/hier-luebeck.de\/index.php\/wp-json\/wp\/v2\/comments?post=400536"}],"version-history":[{"count":0,"href":"https:\/\/hier-luebeck.de\/index.php\/wp-json\/wp\/v2\/posts\/400536\/revisions"}],"wp:attachment":[{"href":"https:\/\/hier-luebeck.de\/index.php\/wp-json\/wp\/v2\/media?parent=400536"}],"wp:term":[{"taxonomy":"category","embeddable":true,"href":"https:\/\/hier-luebeck.de\/index.php\/wp-json\/wp\/v2\/categories?post=400536"},{"taxonomy":"post_tag","embeddable":true,"href":"https:\/\/hier-luebeck.de\/index.php\/wp-json\/wp\/v2\/tags?post=400536"}],"curies":[{"name":"wp","href":"https:\/\/api.w.org\/{rel}","templated":true}]}}