{"id":400545,"date":"2021-08-12T14:42:57","date_gmt":"2021-08-12T14:42:57","guid":{"rendered":"https:\/\/www.hier-luebeck.de\/index.php\/bpt-unterschriftenkampagne-offener-brief-zur-androhung-rechtlicher-schritte-von-mep-haeusling\/"},"modified":"2021-08-12T14:42:57","modified_gmt":"2021-08-12T14:42:57","slug":"bpt-unterschriftenkampagne-offener-brief-zur-androhung-rechtlicher-schritte-von-mep-haeusling","status":"publish","type":"post","link":"https:\/\/hier-luebeck.de\/index.php\/bpt-unterschriftenkampagne-offener-brief-zur-androhung-rechtlicher-schritte-von-mep-haeusling\/","title":{"rendered":"bpt-Unterschriftenkampagne \/ Offener Brief zur Androhung rechtlicher Schritte von MEP H\u00e4usling"},"content":{"rendered":"<p>Frankfurt am Main (ots) &#8211; Offener Brief zur Androhung rechtlicher Schritte von MEP H\u00e4usling &#8211; bpt-Unterschriftenkampagne   Sehr geehrter Herr Abgeordneter H\u00e4usling,   mit Verwunderung haben wir Ihr Schreiben vom 11. August zur Kenntnis genommen, das unmittelbar nach \u00dcbersendung an uns bereits als Offener Brief an die Presse lanciert wurde.<!--more--> Offenbar geht es Ihnen also prim\u00e4r um die \u00f6ffentliche Wirkung, nicht um den fachlichen Dialog mit uns.   Ganz sicher sehen wir uns nicht zu einer Richtigstellung unserer Kampagne veranlasst, stehen aber selbstverst\u00e4ndlich auch weiterhin f\u00fcr eine seri\u00f6se politisch-inhaltliche Debatte zur Verf\u00fcgung. Insbesondere w\u00fcrde uns dabei interessieren, wie Sie bis Januar 2022 die EU-Kommission dazu bewegen wollen, eine \u00c4nderung der Tierarzneimittelverordnung 2019\/6 vorzuschlagen und gleichzeitig in nur f\u00fcnf Monaten eine Mehrheit daf\u00fcr bei Mitgliedsstaaten und EU-Parlament organisieren wollen. Denn die f\u00fcr die Behandlung von Klein- und Heimtieren sowie Pferden notwendige Ausnahme f\u00fcr die Einzeltierbehandlung ist ein extrem komplexer gesetzgeberischer Eingriff in die Systematik der Verordnung!   Dass Sie in Ihrer allerersten Kontaktaufnahme in dieser Sache mit uns weder den sachlichen noch politischen Dialog suchen, wie es Ihre Pflicht als von der Bev\u00f6lkerung gew\u00e4hlter und von den Steuerzahlern bezahlter Abgeordneter w\u00e4re, sondern uns sofort mit juristischen Schritten drohen, belegt, dass Sie selbst genau wissen, dass Ihre Argumente weder inhaltlich noch politisch haltbar sind.   F\u00fcr uns Tier\u00e4rzte\/innen ist die Gesundheit von Mensch und Tier gleicherma\u00dfen wichtig. Der R\u00fcckgang der Antibiotikamengen in der Tierhaltung \u00fcber alle Wirkstoffklassen hinweg um \u00fcber 60 % in nur acht Jahren belegt das eindrucksvoll.   Im Interesse unserer Mitglieder, vor allem aber im Interesse der Tiere und deren Wohlergehen und im Interesse der vielen Tausend Tierhalter\/innen, die bereits die Unterschriftenkampagne gezeichnet haben, werden wir deshalb auch weiterhin auf die schwerwiegenden Fehler Ihrer offenbar prim\u00e4r vom Bundestagswahlkampf bestimmten Initiative aufmerksam machen.   Mit freundlichen Gr\u00fc\u00dfen   Dr. Siegfried Moder   (bpt-Pr\u00e4sident)   Ansprechpartner f\u00fcr diese Meldung:   Dr. Siegfried Moder, T. 0172 \/ 36 73 002   Pressekontakt:   Bundesverband Praktizierender Tier\u00e4rzte e. V Referat Kommunikation Hahnstr. 70 60528 Frankfurt\/M.  Ansprechpartner: Astrid Behr T. 069\/669818-15 Fax 069\/669818-55 E-Mail: bpt.behr@tieraerzteverband.de  Original-Content von: Bundesverband Praktizierender Tier\u00e4rzte e.V., \u00fcbermittelt durch news aktuell<\/p>\n<p>Quelle: <a href=\"https:\/\/www.presseportal.de\/pm\/18136\/4992800\" target=\"_blank\" rel=\"noopener noreferrer\">presseportal.de<\/a><\/p>\n","protected":false},"excerpt":{"rendered":"<p>Frankfurt am Main (ots) &#8211; Offener Brief zur Androhung rechtlicher Schritte von MEP H\u00e4usling &#8211; bpt-Unterschriftenkampagne Sehr geehrter Herr Abgeordneter<\/p>\n","protected":false},"author":3,"featured_media":0,"comment_status":"closed","ping_status":"open","sticky":false,"template":"","format":"standard","meta":{"colormag_page_container_layout":"default_layout","colormag_page_sidebar_layout":"default_layout","footnotes":""},"categories":[5],"tags":[],"class_list":["post-400545","post","type-post","status-publish","format-standard","hentry","category-politik-wirtschaft"],"_links":{"self":[{"href":"https:\/\/hier-luebeck.de\/index.php\/wp-json\/wp\/v2\/posts\/400545","targetHints":{"allow":["GET"]}}],"collection":[{"href":"https:\/\/hier-luebeck.de\/index.php\/wp-json\/wp\/v2\/posts"}],"about":[{"href":"https:\/\/hier-luebeck.de\/index.php\/wp-json\/wp\/v2\/types\/post"}],"author":[{"embeddable":true,"href":"https:\/\/hier-luebeck.de\/index.php\/wp-json\/wp\/v2\/users\/3"}],"replies":[{"embeddable":true,"href":"https:\/\/hier-luebeck.de\/index.php\/wp-json\/wp\/v2\/comments?post=400545"}],"version-history":[{"count":0,"href":"https:\/\/hier-luebeck.de\/index.php\/wp-json\/wp\/v2\/posts\/400545\/revisions"}],"wp:attachment":[{"href":"https:\/\/hier-luebeck.de\/index.php\/wp-json\/wp\/v2\/media?parent=400545"}],"wp:term":[{"taxonomy":"category","embeddable":true,"href":"https:\/\/hier-luebeck.de\/index.php\/wp-json\/wp\/v2\/categories?post=400545"},{"taxonomy":"post_tag","embeddable":true,"href":"https:\/\/hier-luebeck.de\/index.php\/wp-json\/wp\/v2\/tags?post=400545"}],"curies":[{"name":"wp","href":"https:\/\/api.w.org\/{rel}","templated":true}]}}