{"id":400547,"date":"2021-08-12T11:29:21","date_gmt":"2021-08-12T11:29:21","guid":{"rendered":"https:\/\/www.hier-luebeck.de\/index.php\/geplantes-abschiedsgeschenk-an-die-autokonzerne-vor-spritdurstigen-suv-soll-nicht-mehr-mit-der-gelben-oder-roten-farbampel-gewarnt-werden\/"},"modified":"2021-08-12T11:29:21","modified_gmt":"2021-08-12T11:29:21","slug":"geplantes-abschiedsgeschenk-an-die-autokonzerne-vor-spritdurstigen-suv-soll-nicht-mehr-mit-der-gelben-oder-roten-farbampel-gewarnt-werden","status":"publish","type":"post","link":"https:\/\/hier-luebeck.de\/index.php\/geplantes-abschiedsgeschenk-an-die-autokonzerne-vor-spritdurstigen-suv-soll-nicht-mehr-mit-der-gelben-oder-roten-farbampel-gewarnt-werden\/","title":{"rendered":"Geplantes Abschiedsgeschenk an die Autokonzerne: Vor spritdurstigen SUV soll nicht mehr mit der gelben oder roten Farbampel gewarnt werden"},"content":{"rendered":"<p>Berlin (ots) &#8211;   &#8211;  Nach jahrelangem Widerstand der Autokonzerne und ihres CDU-Wirtschaftsministers Altmaier gegen von der EU geforderte Novellierung der Pkw-Verbrauchskennzeichnung ist nun auch das SPD-gef\u00fchrte Bundesumweltministerium eingeknickt und will die Farbampel abschaffen  &#8211;  Absurde Klimaschutzpolitik: Noch vor der Bundestagswahl soll die um die Farbampel und damit den wesentlichsten <!--more-->Teil entkernte Novelle der Pkw-Energieverbrauchskennzeichnungs-Verordnung beschlossen werden  &#8211;  DUH-Bundesgesch\u00e4ftsf\u00fchrer Resch fordert Bundesumweltministerin Svenja Schulze auf, ihre Zusage zur Abschaffung der Farbampel und damit Geschenk an die fossilen Autokonzerne zu widerrufen und sieht in der Reaktion einen &#8222;Lackmustest f\u00fcr die Glaubw\u00fcrdigkeit der SPD-Klimapolitik&#8220;    Berlin (ots) &#8211; Die Deutsche Umwelthilfe (DUH) fordert von SPD-Umweltministerin Svenja Schulze einen Stopp der Abschaffung der Farbampel bei der geplanten Novellierung der Pkw-Verbrauchskennzeichnung. Bislang m\u00fcssen Pkw-Neufahrzeuge mit einer Farbampel von gr\u00fcn bis rot nach ihrem Spritverbrauch und damit CO2-Emissionen gekennzeichnet werden. Seit Jahren wehren sich die fossilen Autokonzerne gegen die von der EU eingeforderte Umstellung auf den WLTP-Testzyklus. Zudem st\u00f6rt sie die gelbe oder gar rote Warnampel f\u00fcr ihre klimasch\u00e4dlichen, spritdurstigen SUV. CDU-Wirtschaftsminister Peter Altmaier hat diese Haltung nun auch gegen\u00fcber dem SPD-gef\u00fchrten Umweltministerium durchgesetzt und kurz vor der Bundestagswahl eine Verordnung auf den Weg gebracht, die ausgerechnet f\u00fcr das mit Abstand energieintensivste Produkt jedes Haushalts die bew\u00e4hrte Farbskala nicht mehr beinhaltet.   Dazu DUH-Bundesgesch\u00e4ftsf\u00fchrer J\u00fcrgen Resch: &#8222;Frau Schulze hat zum Bericht des Weltklimarats entschiedenes Handeln gefordert und versprochen. Gleichzeitig bereiten Bundeswirtschafts- und Bundesumweltministerium das bisher gr\u00f6\u00dfte Geschenk an die fossilen Automobilkonzerne vor: Vor \u00fcbergro\u00dfen, spritdurstigen SUV, Stadtpanzern oder Limousinen soll nicht mehr durch gelbe oder gar rote Warnampeln gewarnt werden. Freie Fahrt f\u00fcr Klimakiller. Peter Altmaier beschenkt hier die auf schwere, spritdurstige und klimasch\u00e4dliche Modelle spezialisierte deutsche Autoindustrie, erf\u00fcllt ihre Forderungen. Das ist nach der Senkung der Kfz-Steuer f\u00fcr besonders spritdurstige Monster-Pick-ups um bis zu 70 Prozent nun ein fulminantes Abschiedsgeschenk an BMW, Daimler und VW: Dies ist der Lackmustest f\u00fcr die Glaubw\u00fcrdigkeit von Frau Schulze. Sie hat es in der Hand, die f\u00fcr den Klimaschutz verheerende geplante Novelle der Pkw-Verbrauchskennzeichnung zu stoppen.&#8220;   Die DUH fordert die Beibehaltung und Weiterentwicklung der Farbskala der CO2-Effizienzklassen. Sie erm\u00f6glichen K\u00e4uferinnen und K\u00e4ufern auf den ersten Blick den Vergleich mit anderen Fahrzeugen der jeweiligen Klasse. Die Einstufung der Fahrzeuge sollte nicht wie bisher in Relation zum Gewicht, sondern zur Fahrzeugfl\u00e4che erfolgen. Das Fahrzeuggewicht ist anf\u00e4llig f\u00fcr Manipulationen und bietet keine Anreize zur Leichtbauweise.   &#8222;Bei jedem Fernseher und jedem K\u00fchlschrank k\u00f6nnen die Verbraucherinnen und Verbraucher transparente und klimafreundliche Kaufentscheidungen f\u00e4llen, weil die Farbampel vorgeschrieben und weiterentwickelt wird. Aber beim energieintensiveren Auto wird gegen den Klimaschutz, gegen die Warnungen des Weltklimarates und gegen unser aller Interesse gearbeitet. Das darf eine Umweltministerin nicht akzeptieren&#8220;, so Resch.   Pressekontakt:   J\u00fcrgen Resch, Bundesgesch\u00e4ftsf\u00fchrer 0171 3649170, resch@duh.de  DUH-Newsroom:  030 2400867-20, presse@duh.de  www.duh.de, www.twitter.com\/umwelthilfe, www.facebook.com\/umwelthilfe, www.instagram.com\/umwelthilfe, www.linkedin.com\/company\/umwelthilfe  Original-Content von: Deutsche Umwelthilfe e.V., \u00fcbermittelt durch news aktuell<\/p>\n<p>Quelle: <a href=\"https:\/\/www.presseportal.de\/pm\/22521\/4992488\" target=\"_blank\" rel=\"noopener noreferrer\">presseportal.de<\/a><\/p>\n","protected":false},"excerpt":{"rendered":"<p>Berlin (ots) &#8211; &#8211; Nach jahrelangem Widerstand der Autokonzerne und ihres CDU-Wirtschaftsministers Altmaier gegen von der EU geforderte Novellierung der<\/p>\n","protected":false},"author":3,"featured_media":0,"comment_status":"closed","ping_status":"open","sticky":false,"template":"","format":"standard","meta":{"colormag_page_container_layout":"default_layout","colormag_page_sidebar_layout":"default_layout","footnotes":""},"categories":[5],"tags":[],"class_list":["post-400547","post","type-post","status-publish","format-standard","hentry","category-politik-wirtschaft"],"_links":{"self":[{"href":"https:\/\/hier-luebeck.de\/index.php\/wp-json\/wp\/v2\/posts\/400547","targetHints":{"allow":["GET"]}}],"collection":[{"href":"https:\/\/hier-luebeck.de\/index.php\/wp-json\/wp\/v2\/posts"}],"about":[{"href":"https:\/\/hier-luebeck.de\/index.php\/wp-json\/wp\/v2\/types\/post"}],"author":[{"embeddable":true,"href":"https:\/\/hier-luebeck.de\/index.php\/wp-json\/wp\/v2\/users\/3"}],"replies":[{"embeddable":true,"href":"https:\/\/hier-luebeck.de\/index.php\/wp-json\/wp\/v2\/comments?post=400547"}],"version-history":[{"count":0,"href":"https:\/\/hier-luebeck.de\/index.php\/wp-json\/wp\/v2\/posts\/400547\/revisions"}],"wp:attachment":[{"href":"https:\/\/hier-luebeck.de\/index.php\/wp-json\/wp\/v2\/media?parent=400547"}],"wp:term":[{"taxonomy":"category","embeddable":true,"href":"https:\/\/hier-luebeck.de\/index.php\/wp-json\/wp\/v2\/categories?post=400547"},{"taxonomy":"post_tag","embeddable":true,"href":"https:\/\/hier-luebeck.de\/index.php\/wp-json\/wp\/v2\/tags?post=400547"}],"curies":[{"name":"wp","href":"https:\/\/api.w.org\/{rel}","templated":true}]}}