{"id":400627,"date":"2021-08-13T17:06:34","date_gmt":"2021-08-13T17:06:34","guid":{"rendered":"https:\/\/www.hier-luebeck.de\/index.php\/rente-paritaetischer-kritisiert-eklatante-soziale-ungleichheit-zwischen-rentnern-und-pensionaeren-auch-bei-der-armutsbetroffenheit\/"},"modified":"2021-08-13T17:06:34","modified_gmt":"2021-08-13T17:06:34","slug":"rente-paritaetischer-kritisiert-eklatante-soziale-ungleichheit-zwischen-rentnern-und-pensionaeren-auch-bei-der-armutsbetroffenheit","status":"publish","type":"post","link":"https:\/\/hier-luebeck.de\/index.php\/rente-paritaetischer-kritisiert-eklatante-soziale-ungleichheit-zwischen-rentnern-und-pensionaeren-auch-bei-der-armutsbetroffenheit\/","title":{"rendered":"Rente: Parit\u00e4tischer kritisiert eklatante soziale Ungleichheit zwischen Rentnern und Pension\u00e4ren auch bei der Armutsbetroffenheit"},"content":{"rendered":"<p>Berlin (ots) &#8211; Der Parit\u00e4tische Wohlfahrtsverband weist auf die massive Ungleichheit zwischen Rentner*innen und Pension\u00e4r*innen nicht nur bei der Lebenserwartung, sondern auch bei der Armutsbetroffenheit hin. Er reagiert damit auf eine heute vom Nachrichtenmagazin DER SPIEGEL ver\u00f6ffentlichte Studie zur unterschiedlichen Lebenserwartung von Arbeitern, Angestellten und Beamten.<!--more--> Nach Berechnungen des Statistischen Bundesamtes im Auftrag des Parit\u00e4tischen ist inzwischen jede*r f\u00fcnfte Rentner*in (20,7 Prozent) von Altersarmut betroffen, w\u00e4hrend von den Pensions-Beziehenden jede*r hundertste (1,1 Prozent) in Armut lebt. Um der sozialen Ungerechtigkeit im Rentensystem zwischen den verschiedenen Berufsgruppen entgegenzuwirken, fordert der Verband eine umfassende Rentenreform und eine Offensive f\u00fcr gute Arbeitsbedingungen zur gesundheitlichen Pr\u00e4vention und zum Schutz vor Rentenarmut. Eine weitere Erh\u00f6hung des Renteneintrittsalters lehnt der Verband strikt ab.   &#8222;Diejenigen, die eine weitere Anhebung des Renteneintrittsalters fordern, meinen in Wirklichkeit Rentenk\u00fcrzungen, da viele in anstrengenden Berufen, wie insbesondere auch in der Pflege, schon jetzt das Renteneintrittsalter nicht erreichen und Abschl\u00e4ge in Kauf nehmen m\u00fcssen&#8220;, kritisiert Ulrich Schneider, Hauptgesch\u00e4ftsf\u00fchrer des Parit\u00e4tischen Gesamtverbands. Im Ergebnis erhielten ausgerechnet die, die besonders hart arbeiten, weniger Rente und sterben auch noch fr\u00fcher, wie heute der SPIEGEL unter Bezugnahme auf eine aktuelle Studie des DIW im Auftrag des Sozialverbands VdK Deutschland berichtet.   Der Verband spricht sich gegen eine Erh\u00f6hung des Renteneintrittsalters und stattdessen f\u00fcr den Aufbau einer B\u00fcrgerversicherung aus, in die alle, auch Selbst\u00e4ndige, Freiberufler und Beamte einzahlen. &#8222;Die Trennung zwischen Angestellten und Beamten, die sich in einer solch massiven sozialen Kluft niederschl\u00e4gt, ist weder zeitgem\u00e4\u00df, noch weiter tragbar. Was es braucht, ist endlich eine solidarische Finanzierung unserer sozialen Sicherungssysteme&#8220;, so Schneider.   Dar\u00fcber hinaus brauche es eine verl\u00e4ssliche und bedarfsdeckende Mindestrente sowie h\u00f6here Leistungen und einen leichteren Zugang in der Erwerbsminderungsrente. Schlie\u00dflich gehe es auch um Pr\u00e4vention. &#8222;Das Problem sehr ungleicher Lebenserwartung und des Altersversorgungsniveaus beginnt nicht erst im Rentenalter&#8220;, so Schneider, &#8222;sondern bereits vorher bei sehr ungleichen Arbeits- und Lebensbedingungen &#8211; von der Entlohnung und den Arbeitszeiten, \u00fcber die Wohnsituation bis hin zu Unzul\u00e4nglichkeiten im Arbeits- und Gesundheitsschutz.&#8220;   Pressekontakt:   Gwendolyn Stilling, pr@paritaet.org, Tel.: 030 24636-305  Original-Content von: Parit\u00e4tischer Wohlfahrtsverband, \u00fcbermittelt durch news aktuell<\/p>\n<p>Quelle: <a href=\"https:\/\/www.presseportal.de\/pm\/53407\/4993799\" target=\"_blank\" rel=\"noopener noreferrer\">presseportal.de<\/a><\/p>\n","protected":false},"excerpt":{"rendered":"<p>Berlin (ots) &#8211; Der Parit\u00e4tische Wohlfahrtsverband weist auf die massive Ungleichheit zwischen Rentner*innen und Pension\u00e4r*innen nicht nur bei der Lebenserwartung,<\/p>\n","protected":false},"author":3,"featured_media":0,"comment_status":"closed","ping_status":"open","sticky":false,"template":"","format":"standard","meta":{"colormag_page_container_layout":"default_layout","colormag_page_sidebar_layout":"default_layout","footnotes":""},"categories":[5],"tags":[],"class_list":["post-400627","post","type-post","status-publish","format-standard","hentry","category-politik-wirtschaft"],"_links":{"self":[{"href":"https:\/\/hier-luebeck.de\/index.php\/wp-json\/wp\/v2\/posts\/400627","targetHints":{"allow":["GET"]}}],"collection":[{"href":"https:\/\/hier-luebeck.de\/index.php\/wp-json\/wp\/v2\/posts"}],"about":[{"href":"https:\/\/hier-luebeck.de\/index.php\/wp-json\/wp\/v2\/types\/post"}],"author":[{"embeddable":true,"href":"https:\/\/hier-luebeck.de\/index.php\/wp-json\/wp\/v2\/users\/3"}],"replies":[{"embeddable":true,"href":"https:\/\/hier-luebeck.de\/index.php\/wp-json\/wp\/v2\/comments?post=400627"}],"version-history":[{"count":0,"href":"https:\/\/hier-luebeck.de\/index.php\/wp-json\/wp\/v2\/posts\/400627\/revisions"}],"wp:attachment":[{"href":"https:\/\/hier-luebeck.de\/index.php\/wp-json\/wp\/v2\/media?parent=400627"}],"wp:term":[{"taxonomy":"category","embeddable":true,"href":"https:\/\/hier-luebeck.de\/index.php\/wp-json\/wp\/v2\/categories?post=400627"},{"taxonomy":"post_tag","embeddable":true,"href":"https:\/\/hier-luebeck.de\/index.php\/wp-json\/wp\/v2\/tags?post=400627"}],"curies":[{"name":"wp","href":"https:\/\/api.w.org\/{rel}","templated":true}]}}