{"id":400630,"date":"2021-08-13T15:27:14","date_gmt":"2021-08-13T15:27:14","guid":{"rendered":"https:\/\/www.hier-luebeck.de\/index.php\/bundestagswahl-2021-bundesverfassungsgericht-hat-ueber-eilantrag-zum-wahlrecht-entschieden\/"},"modified":"2021-08-13T15:27:14","modified_gmt":"2021-08-13T15:27:14","slug":"bundestagswahl-2021-bundesverfassungsgericht-hat-ueber-eilantrag-zum-wahlrecht-entschieden","status":"publish","type":"post","link":"https:\/\/hier-luebeck.de\/index.php\/bundestagswahl-2021-bundesverfassungsgericht-hat-ueber-eilantrag-zum-wahlrecht-entschieden\/","title":{"rendered":"Bundestagswahl 2021: Bundesverfassungsgericht hat \u00fcber Eilantrag zum Wahlrecht entschieden"},"content":{"rendered":"<p>Wiesbaden (ots) &#8211; Mit seiner heutigen Entscheidung hat das Bundesverfassungsgericht einen Antrag auf Erlass einer einstweiligen Anordnung abgelehnt.<!--more--> Die Antragstellerinnen und Antragsteller wollten mit dem Eilantrag erreichen, dass die im November 2020 in Kraft getretenen \u00c4nderungen des Bundeswahlgesetzes (BWahlG) &#8211; insbesondere zur Sitzberechnung bei der Bundestagswahl am 26. September 2021 &#8211; nicht anzuwenden sind. Im Rahmen der gebotenen Folgeabw\u00e4gung hat das Bundesverfassungsgericht entschieden, dass die f\u00fcr den Erlass der einstweiligen Anordnung sprechenden Gr\u00fcnde den damit verbundenen Eingriff in die Zust\u00e4ndigkeit des Gesetzgebers nicht rechtfertigen. Es fehle &#8222;an einem eindeutigen \u00dcberwiegen der Gr\u00fcnde f\u00fcr den Erlass der einstweiligen Anordnung und damit an den f\u00fcr die Au\u00dfervollzugsetzung eines Gesetzes erforderlichen Gr\u00fcnde von besonderem Gewicht&#8220;.   Die neuen gesetzlichen Regelungen in \u00a7 6 BWahlG werden damit bei der Bundestagswahl am 26. September 2021 zur Anwendung kommen. Bundeswahlleiter Georg Thiel dazu:   &#8222;Die Umsetzung der gesetzlichen Vorgaben in \u00a7 6 Bundeswahlgesetz bei der Sitzberechnung f\u00fcr den 20. Deutschen Bundestag ist gew\u00e4hrleistet&#8220;.   Die Entscheidung, ob die zur Pr\u00fcfung gestellten Neuregelungen des Bundeswahlgesetzes mit dem Grundgesetz vereinbar sind, bleibt dem sp\u00e4teren Hauptsacheverfahren vorbehalten.   Die vollst\u00e4ndige Pressemitteilung ist im Internetangebot des Bundeswahlleiters unter http:\/\/www.bundeswahlleiter.de zu finden.   Pressestelle   Telefon: 0611 75-3444   www.bundeswahlleiter.de\/kontakt   Pressekontakt:   R\u00fcckfragen an obigen Ansprechpartner oder an:  Der Bundeswahlleiter Pressestelle Telefon: +49 611-75 34 44 E-Mail: pressestelle@bundeswahlleiter.de  Original-Content von: Der Bundeswahlleiter, \u00fcbermittelt durch news aktuell<\/p>\n<p>Quelle: <a href=\"https:\/\/www.presseportal.de\/pm\/74247\/4993756\" target=\"_blank\" rel=\"noopener noreferrer\">presseportal.de<\/a><\/p>\n","protected":false},"excerpt":{"rendered":"<p>Wiesbaden (ots) &#8211; Mit seiner heutigen Entscheidung hat das Bundesverfassungsgericht einen Antrag auf Erlass einer einstweiligen Anordnung abgelehnt.<\/p>\n","protected":false},"author":3,"featured_media":0,"comment_status":"closed","ping_status":"open","sticky":false,"template":"","format":"standard","meta":{"colormag_page_container_layout":"default_layout","colormag_page_sidebar_layout":"default_layout","footnotes":""},"categories":[5],"tags":[],"class_list":["post-400630","post","type-post","status-publish","format-standard","hentry","category-politik-wirtschaft"],"_links":{"self":[{"href":"https:\/\/hier-luebeck.de\/index.php\/wp-json\/wp\/v2\/posts\/400630","targetHints":{"allow":["GET"]}}],"collection":[{"href":"https:\/\/hier-luebeck.de\/index.php\/wp-json\/wp\/v2\/posts"}],"about":[{"href":"https:\/\/hier-luebeck.de\/index.php\/wp-json\/wp\/v2\/types\/post"}],"author":[{"embeddable":true,"href":"https:\/\/hier-luebeck.de\/index.php\/wp-json\/wp\/v2\/users\/3"}],"replies":[{"embeddable":true,"href":"https:\/\/hier-luebeck.de\/index.php\/wp-json\/wp\/v2\/comments?post=400630"}],"version-history":[{"count":0,"href":"https:\/\/hier-luebeck.de\/index.php\/wp-json\/wp\/v2\/posts\/400630\/revisions"}],"wp:attachment":[{"href":"https:\/\/hier-luebeck.de\/index.php\/wp-json\/wp\/v2\/media?parent=400630"}],"wp:term":[{"taxonomy":"category","embeddable":true,"href":"https:\/\/hier-luebeck.de\/index.php\/wp-json\/wp\/v2\/categories?post=400630"},{"taxonomy":"post_tag","embeddable":true,"href":"https:\/\/hier-luebeck.de\/index.php\/wp-json\/wp\/v2\/tags?post=400630"}],"curies":[{"name":"wp","href":"https:\/\/api.w.org\/{rel}","templated":true}]}}