{"id":400634,"date":"2021-08-13T14:24:26","date_gmt":"2021-08-13T14:24:26","guid":{"rendered":"https:\/\/www.hier-luebeck.de\/index.php\/pol-hl-hl-st-lorenz-58-jaehrige-pedelecfahrerin-lebensgefaehrlich-verletzt-2\/"},"modified":"2021-08-13T14:24:26","modified_gmt":"2021-08-13T14:24:26","slug":"pol-hl-hl-st-lorenz-58-jaehrige-pedelecfahrerin-lebensgefaehrlich-verletzt-2","status":"publish","type":"post","link":"https:\/\/hier-luebeck.de\/index.php\/pol-hl-hl-st-lorenz-58-jaehrige-pedelecfahrerin-lebensgefaehrlich-verletzt-2\/","title":{"rendered":"POL-HL: HL- St. Lorenz \/ 58-j\u00e4hrige Pedelecfahrerin lebensgef\u00e4hrlich verletzt"},"content":{"rendered":"<p>L\u00fcbeck (ots) &#8211; +++ Gemeinsame Medieninformation der Staatsanwaltschaft L\u00fcbeck und der Polizeidirektion L\u00fcbeck +++   Am Mittwochnachmittag (11.08.2021) wurde eine Pedelecfahrerin bei einem Verkehrsunfall in L\u00fcbeck St. Lorenz von einem kreuzenden PKW erfasst und dabei lebensgef\u00e4hrlich verletzt. Der Fahrer des Kleinwagens stand unter dem Einfluss von Bet\u00e4ubungsmitteln.<!--more--> Polizei und Staatsanwaltschaft haben die Ermittlungen zum Unfallhergang aufgenommen.   Gegen 14:30 Uhr befuhr die 58-j\u00e4hrige L\u00fcbeckerin mit ihrem Pedelec den Radweg der Schwartauer Allee entgegengesetzt der vorgeschriebenen Fahrtrichtung stadtausw\u00e4rts. Zur selben Zeit wollte der 20-j\u00e4hrige Fahrer eines Citroens von der Marquardstra\u00dfe kommend in die Schwartauer Allee einbiegen. Dabei erfasste er die von rechts herannahende Frau. Diese zog sich lebensgef\u00e4hrliche Verletzungen zu und wurde unter Begleitung eines Notarztes in ein Krankenhaus gebracht.   Ein durchgef\u00fchrter Drogentest ergab, dass der 20-j\u00e4hrige Citroenfahrer unter dem Einfluss von Bet\u00e4ubungsmitteln stand. Deswegen wurde ihm im Anschluss eine Blutprobe entnommen und ein Verfahren wegen des Verdachts der Gef\u00e4hrdung des Stra\u00dfenverkehrs, fahrl\u00e4ssigen K\u00f6rperverletzung und des Versto\u00dfes gegen das Bet\u00e4ubungsmittelgesetz eingeleitet.   Im Zuge der Ermittlungen wurde auf Anordnung der Staatsanwaltschaft L\u00fcbeck ein Gutachter an den Unfallort bestellt und mit der weiteren Pr\u00fcfung des Unfallhergangs beauftragt. Nach Abschluss der Arbeiten konnte die Sperrung rund um die Unfallstelle gegen 17:25 wieder aufgehoben werden.   Nach aktuellem Sachstand besteht f\u00fcr die 58-j\u00e4hrige Pedelecfahrerin derzeit keine Lebensgefahr mehr.   <\/p>\n<p>Quelle: <a href=\"https:\/\/www.presseportal.de\/blaulicht\/pm\/43738\/4993701\" target=\"_blank\" rel=\"noopener noreferrer\">presseportal.de<\/a><\/p>\n","protected":false},"excerpt":{"rendered":"<p>L\u00fcbeck (ots) &#8211; +++ Gemeinsame Medieninformation der Staatsanwaltschaft L\u00fcbeck und der Polizeidirektion L\u00fcbeck +++ Am Mittwochnachmittag (11.08.2021) wurde eine Pedelecfahrerin<\/p>\n","protected":false},"author":3,"featured_media":0,"comment_status":"closed","ping_status":"open","sticky":false,"template":"","format":"standard","meta":{"colormag_page_container_layout":"default_layout","colormag_page_sidebar_layout":"default_layout","footnotes":""},"categories":[20],"tags":[],"class_list":["post-400634","post","type-post","status-publish","format-standard","hentry","category-besondere-neuigkeiten"],"_links":{"self":[{"href":"https:\/\/hier-luebeck.de\/index.php\/wp-json\/wp\/v2\/posts\/400634","targetHints":{"allow":["GET"]}}],"collection":[{"href":"https:\/\/hier-luebeck.de\/index.php\/wp-json\/wp\/v2\/posts"}],"about":[{"href":"https:\/\/hier-luebeck.de\/index.php\/wp-json\/wp\/v2\/types\/post"}],"author":[{"embeddable":true,"href":"https:\/\/hier-luebeck.de\/index.php\/wp-json\/wp\/v2\/users\/3"}],"replies":[{"embeddable":true,"href":"https:\/\/hier-luebeck.de\/index.php\/wp-json\/wp\/v2\/comments?post=400634"}],"version-history":[{"count":0,"href":"https:\/\/hier-luebeck.de\/index.php\/wp-json\/wp\/v2\/posts\/400634\/revisions"}],"wp:attachment":[{"href":"https:\/\/hier-luebeck.de\/index.php\/wp-json\/wp\/v2\/media?parent=400634"}],"wp:term":[{"taxonomy":"category","embeddable":true,"href":"https:\/\/hier-luebeck.de\/index.php\/wp-json\/wp\/v2\/categories?post=400634"},{"taxonomy":"post_tag","embeddable":true,"href":"https:\/\/hier-luebeck.de\/index.php\/wp-json\/wp\/v2\/tags?post=400634"}],"curies":[{"name":"wp","href":"https:\/\/api.w.org\/{rel}","templated":true}]}}