{"id":400637,"date":"2021-08-13T12:35:50","date_gmt":"2021-08-13T12:35:50","guid":{"rendered":"https:\/\/www.hier-luebeck.de\/index.php\/pol-hl-hl-buntekuh-fussgaenger-auf-supermarktparkplatz-schwer-verletzt-2\/"},"modified":"2021-08-13T12:35:50","modified_gmt":"2021-08-13T12:35:50","slug":"pol-hl-hl-buntekuh-fussgaenger-auf-supermarktparkplatz-schwer-verletzt-2","status":"publish","type":"post","link":"https:\/\/hier-luebeck.de\/index.php\/pol-hl-hl-buntekuh-fussgaenger-auf-supermarktparkplatz-schwer-verletzt-2\/","title":{"rendered":"POL-HL: HL-Buntekuh \/ Fu\u00dfg\u00e4nger auf Supermarktparkplatz schwer verletzt"},"content":{"rendered":"<p>L\u00fcbeck (ots) &#8211; Am Donnerstagabend (12.08.2021) ist auf einem Supermarktparkplatz in L\u00fcbeck Buntekuh ein Fu\u00dfg\u00e4nger von einem PKW angefahren und dabei schwer verletzt worden. Dem aktuellen Sachstand nach sind \u00fcberh\u00f6hte Geschwindigkeit und verkehrswidriges Fahrverhalten Ursache des Verkehrsunfalls gewesen. Die Polizei hat die Ermittlungen aufgenommen.<!--more-->   Ereignet hatte sich der Verkehrsunfall gegen 20.10 Uhr auf dem Parkplatz eines Lebensmitteldiscounters und Drogeriemarkt in der Ziegelstra\u00dfe. Ein 18-j\u00e4hriger L\u00fcbecker befuhr um diese Zeit mit seinem BMW den Parkplatz, um sich dort mit seinen Bekannten zu treffen. Den Ermittlungen zufolge fuhr er zun\u00e4chst mit \u00fcberh\u00f6hter Geschwindigkeit auf die zwei ihm bekannten M\u00e4nner auf dem Parkplatz zu, konnte jedoch nicht mehr rechtzeitig vor ihnen bremsen.   Einer der Bekannten sprang noch zur Seite, der andere, ein 20-j\u00e4hriger L\u00fcbecker, wurde von dem BMW frontal erfasst. Der Angefahrene prallte gegen die Windschutzscheibe und blieb anschlie\u00dfend auf dem Boden liegen. Schwer verletzt wurde der 20-j\u00e4hrige L\u00fcbecker unter Begleitung eines Notarztes in ein Krankenhaus gebracht.   Der 18-j\u00e4hrige BMW-Fahrer erlitt einen Schock. Gegen ihn wird wegen des Verdachts der fahrl\u00e4ssigen K\u00f6rperverletzung und \u00fcberh\u00f6her Geschwindigkeit ermittelt.   <\/p>\n<p>Quelle: <a href=\"https:\/\/www.presseportal.de\/blaulicht\/pm\/43738\/4993495\" target=\"_blank\" rel=\"noopener noreferrer\">presseportal.de<\/a><\/p>\n","protected":false},"excerpt":{"rendered":"<p>L\u00fcbeck (ots) &#8211; Am Donnerstagabend (12.08.2021) ist auf einem Supermarktparkplatz in L\u00fcbeck Buntekuh ein Fu\u00dfg\u00e4nger von einem PKW angefahren und<\/p>\n","protected":false},"author":3,"featured_media":0,"comment_status":"closed","ping_status":"open","sticky":false,"template":"","format":"standard","meta":{"colormag_page_container_layout":"default_layout","colormag_page_sidebar_layout":"default_layout","footnotes":""},"categories":[20],"tags":[],"class_list":["post-400637","post","type-post","status-publish","format-standard","hentry","category-besondere-neuigkeiten"],"_links":{"self":[{"href":"https:\/\/hier-luebeck.de\/index.php\/wp-json\/wp\/v2\/posts\/400637","targetHints":{"allow":["GET"]}}],"collection":[{"href":"https:\/\/hier-luebeck.de\/index.php\/wp-json\/wp\/v2\/posts"}],"about":[{"href":"https:\/\/hier-luebeck.de\/index.php\/wp-json\/wp\/v2\/types\/post"}],"author":[{"embeddable":true,"href":"https:\/\/hier-luebeck.de\/index.php\/wp-json\/wp\/v2\/users\/3"}],"replies":[{"embeddable":true,"href":"https:\/\/hier-luebeck.de\/index.php\/wp-json\/wp\/v2\/comments?post=400637"}],"version-history":[{"count":0,"href":"https:\/\/hier-luebeck.de\/index.php\/wp-json\/wp\/v2\/posts\/400637\/revisions"}],"wp:attachment":[{"href":"https:\/\/hier-luebeck.de\/index.php\/wp-json\/wp\/v2\/media?parent=400637"}],"wp:term":[{"taxonomy":"category","embeddable":true,"href":"https:\/\/hier-luebeck.de\/index.php\/wp-json\/wp\/v2\/categories?post=400637"},{"taxonomy":"post_tag","embeddable":true,"href":"https:\/\/hier-luebeck.de\/index.php\/wp-json\/wp\/v2\/tags?post=400637"}],"curies":[{"name":"wp","href":"https:\/\/api.w.org\/{rel}","templated":true}]}}