{"id":401622,"date":"2021-08-13T21:29:26","date_gmt":"2021-08-13T21:29:26","guid":{"rendered":"https:\/\/www.hier-luebeck.de\/index.php\/pol-rz-toedlicher-verkehrsunfall-auf-der-bab-24-abschlussmeldung-2\/"},"modified":"2021-08-13T21:29:26","modified_gmt":"2021-08-13T21:29:26","slug":"pol-rz-toedlicher-verkehrsunfall-auf-der-bab-24-abschlussmeldung-2","status":"publish","type":"post","link":"https:\/\/hier-luebeck.de\/index.php\/pol-rz-toedlicher-verkehrsunfall-auf-der-bab-24-abschlussmeldung-2\/","title":{"rendered":"POL-RZ: T\u00f6dlicher Verkehrsunfall auf der BAB 24 &#8211; Abschlussmeldung"},"content":{"rendered":"<p>Ratzeburg (ots) &#8211; 13. August 2021 | Kreis Herzogtum Lauenburg &#8211; 13.08.2021 &#8211; BAB 24 \/ Talkau   Wie bereits berichtet, hat sich heute Morgen ein Verkehrsunfall auf der BAB 24, in Fahrtrichtung Berlin, in H\u00f6he der Anschlussstelle Talkau ereignet.   Der 50-j\u00e4hrige Fahrer einer Sattelzugmaschine ist infolgedessen t\u00f6dlich verungl\u00fcckt.<!--more-->   Die Bergungs- und Reinigungsarbeiten sind seit 21:30 Uhr abgeschlossen, so dass die Autobahn 24 wieder freigegen wurde.   <\/p>\n<p>Quelle: <a href=\"https:\/\/www.presseportal.de\/blaulicht\/pm\/43735\/4993857\" target=\"_blank\" rel=\"noopener noreferrer\">presseportal.de<\/a><\/p>\n","protected":false},"excerpt":{"rendered":"<p>Ratzeburg (ots) &#8211; 13. August 2021 | Kreis Herzogtum Lauenburg &#8211; 13.08.2021 &#8211; BAB 24 \/ Talkau Wie bereits berichtet,<\/p>\n","protected":false},"author":3,"featured_media":0,"comment_status":"closed","ping_status":"open","sticky":false,"template":"","format":"standard","meta":{"colormag_page_container_layout":"default_layout","colormag_page_sidebar_layout":"default_layout","footnotes":""},"categories":[20],"tags":[],"class_list":["post-401622","post","type-post","status-publish","format-standard","hentry","category-besondere-neuigkeiten"],"_links":{"self":[{"href":"https:\/\/hier-luebeck.de\/index.php\/wp-json\/wp\/v2\/posts\/401622","targetHints":{"allow":["GET"]}}],"collection":[{"href":"https:\/\/hier-luebeck.de\/index.php\/wp-json\/wp\/v2\/posts"}],"about":[{"href":"https:\/\/hier-luebeck.de\/index.php\/wp-json\/wp\/v2\/types\/post"}],"author":[{"embeddable":true,"href":"https:\/\/hier-luebeck.de\/index.php\/wp-json\/wp\/v2\/users\/3"}],"replies":[{"embeddable":true,"href":"https:\/\/hier-luebeck.de\/index.php\/wp-json\/wp\/v2\/comments?post=401622"}],"version-history":[{"count":0,"href":"https:\/\/hier-luebeck.de\/index.php\/wp-json\/wp\/v2\/posts\/401622\/revisions"}],"wp:attachment":[{"href":"https:\/\/hier-luebeck.de\/index.php\/wp-json\/wp\/v2\/media?parent=401622"}],"wp:term":[{"taxonomy":"category","embeddable":true,"href":"https:\/\/hier-luebeck.de\/index.php\/wp-json\/wp\/v2\/categories?post=401622"},{"taxonomy":"post_tag","embeddable":true,"href":"https:\/\/hier-luebeck.de\/index.php\/wp-json\/wp\/v2\/tags?post=401622"}],"curies":[{"name":"wp","href":"https:\/\/api.w.org\/{rel}","templated":true}]}}