{"id":401623,"date":"2021-08-13T14:00:31","date_gmt":"2021-08-13T14:00:31","guid":{"rendered":"https:\/\/www.hier-luebeck.de\/index.php\/pol-rz-toedlicher-verkehrsunfall-auf-der-bab-24-folgemeldung\/"},"modified":"2021-08-13T14:00:31","modified_gmt":"2021-08-13T14:00:31","slug":"pol-rz-toedlicher-verkehrsunfall-auf-der-bab-24-folgemeldung","status":"publish","type":"post","link":"https:\/\/hier-luebeck.de\/index.php\/pol-rz-toedlicher-verkehrsunfall-auf-der-bab-24-folgemeldung\/","title":{"rendered":"POL-RZ: T\u00f6dlicher Verkehrsunfall auf der BAB 24 -Folgemeldung-"},"content":{"rendered":"<p>Ratzeburg (ots) &#8211; Gemeinsame Medieninformation der Staatsanwaltschaft L\u00fcbeck und der Polizeidirektion Ratzeburg   13. August 2021   &#8211;   Kreis Herzogtum Lauenburg &#8211; 13.08.2021 &#8211; A24 \/ Talkau Heute Morgen kam es gegen 06.35 Uhr auf der BAB 24 in Fahrtrichtung Berlin, hinter der Anschlussstelle Talkau zu einem Verkehrsunfall, bei dem eine Person t\u00f6dlich verungl\u00fcckte.<!--more-->   Es gibt Hinweise, dass der 50- j\u00e4hrige Fahrer aus Litauen aufgrund eines geplatzten Reifen die Kontrolle \u00fcber das mit Fisch beladene Fahrzeuggespann verlor und es in der Folge zu dem t\u00f6dlichen Verkehrsunfall kam.   Aufgrund umfangreicher Bergungsma\u00dfnahmen und einer anschlie\u00dfend notwendigen Desinfektion der Fahrbahn wird die Vollsperrung voraussichtlich bis in die Abendstunden bestehen bleiben.   Die Polizei bittet die Sperrung nach M\u00f6glichkeit weitr\u00e4umig zu umfahren, da auch die Umleitungsstrecken inzwischen \u00fcberlastet sind.   Christian Braunwarth, Pressesprecherin der Staatsanwaltschaft L\u00fcbeck   Jacqueline Fischer, Pressesprecherin der Polizeidirektion Ratzeburg   Hinweise: Nachfragen zu dieser Medieninformation richten Sie bitte an die Pressestelle der Polizeidirektion Ratzeburg.   <\/p>\n<p>Quelle: <a href=\"https:\/\/www.presseportal.de\/blaulicht\/pm\/43735\/4993672\" target=\"_blank\" rel=\"noopener noreferrer\">presseportal.de<\/a><\/p>\n","protected":false},"excerpt":{"rendered":"<p>Ratzeburg (ots) &#8211; Gemeinsame Medieninformation der Staatsanwaltschaft L\u00fcbeck und der Polizeidirektion Ratzeburg 13. August 2021 &#8211; Kreis Herzogtum Lauenburg &#8211;<\/p>\n","protected":false},"author":3,"featured_media":0,"comment_status":"closed","ping_status":"open","sticky":false,"template":"","format":"standard","meta":{"colormag_page_container_layout":"default_layout","colormag_page_sidebar_layout":"default_layout","footnotes":""},"categories":[20],"tags":[],"class_list":["post-401623","post","type-post","status-publish","format-standard","hentry","category-besondere-neuigkeiten"],"_links":{"self":[{"href":"https:\/\/hier-luebeck.de\/index.php\/wp-json\/wp\/v2\/posts\/401623","targetHints":{"allow":["GET"]}}],"collection":[{"href":"https:\/\/hier-luebeck.de\/index.php\/wp-json\/wp\/v2\/posts"}],"about":[{"href":"https:\/\/hier-luebeck.de\/index.php\/wp-json\/wp\/v2\/types\/post"}],"author":[{"embeddable":true,"href":"https:\/\/hier-luebeck.de\/index.php\/wp-json\/wp\/v2\/users\/3"}],"replies":[{"embeddable":true,"href":"https:\/\/hier-luebeck.de\/index.php\/wp-json\/wp\/v2\/comments?post=401623"}],"version-history":[{"count":0,"href":"https:\/\/hier-luebeck.de\/index.php\/wp-json\/wp\/v2\/posts\/401623\/revisions"}],"wp:attachment":[{"href":"https:\/\/hier-luebeck.de\/index.php\/wp-json\/wp\/v2\/media?parent=401623"}],"wp:term":[{"taxonomy":"category","embeddable":true,"href":"https:\/\/hier-luebeck.de\/index.php\/wp-json\/wp\/v2\/categories?post=401623"},{"taxonomy":"post_tag","embeddable":true,"href":"https:\/\/hier-luebeck.de\/index.php\/wp-json\/wp\/v2\/tags?post=401623"}],"curies":[{"name":"wp","href":"https:\/\/api.w.org\/{rel}","templated":true}]}}