{"id":401628,"date":"2021-08-14T08:00:00","date_gmt":"2021-08-14T08:00:00","guid":{"rendered":"https:\/\/www.hier-luebeck.de\/index.php\/ein-jahr-nach-syndikat-raeumung-bezirk-lehnt-umwandlung-der-wohnungen-in-eigentum-ab\/"},"modified":"2021-08-14T08:00:00","modified_gmt":"2021-08-14T08:00:00","slug":"ein-jahr-nach-syndikat-raeumung-bezirk-lehnt-umwandlung-der-wohnungen-in-eigentum-ab","status":"publish","type":"post","link":"https:\/\/hier-luebeck.de\/index.php\/ein-jahr-nach-syndikat-raeumung-bezirk-lehnt-umwandlung-der-wohnungen-in-eigentum-ab\/","title":{"rendered":"Ein Jahr nach &#8222;Syndikat&#8220;-R\u00e4umung: Bezirk lehnt Umwandlung der Wohnungen in Eigentum ab"},"content":{"rendered":"<p>Berlin (ots) &#8211; Ein Jahr nach der R\u00e4umung der Kiezkneipe &#8222;Syndikat&#8220; in Berlin-Neuk\u00f6lln hat das Bezirksamt einen Antrag des Hauseigent\u00fcmers auf Umwandlung der Mietwohnungen in Eigentum abgelehnt. Das Haus in der Weisestra\u00dfe 56 steht im Besitz des Immobilienunternehmens &#8222;Firman Properties S.a.r.l.&#8220; mit Sitz in Luxemburg.<!--more-->   Mitte Juli hatte die Bezirksverwaltung die Mieter des Hauses noch dar\u00fcber informiert, dass der Bezirk den Antrag auf Umwandlung bis zum 12. August aufgrund der geltenden Rechtslage zu genehmigen habe. Nach Informationen von rbb|24 hat der Bezirk den Antrag des Eigent\u00fcmers nun aber abgelehnt und sich dabei auf die vom Berliner Senat am 4. August beschlossene Rechtsverordnung im Baugesetzbuch (\u00a7 250) berufen. Die Verordnung, die am 6. August in Kraft getreten ist, gibt den Berliner Bezirken neue M\u00f6glichkeiten, um Umwandlungen von Miets- in Eigentumswohnungen in Gebieten mit angespanntem Wohnungsmarkt zu regulieren.   Nach Angaben des Bausenats wurden in Berlin zwischen 2015 und 2020 rund 91.500 Berliner Mietswohnungen in Eigentum umgewandelt, fast 19.000 davon im vergangenen Jahr. Von dem bestehenden Vorkaufsrecht hatten bis 2019 nur 0,3 Prozent der betroffenen Mietparteien Gebrauch gemacht.   Pressekontakt:   Redaktion rbb24 Tel.: +49 (0)30 97993-37950 Fax: +49 (0)30 97993-37909 internet@rbb-online.de Ihr Rundfunkbeitrag f\u00fcr gutes Programm.  Original-Content von: rbb &#8211; Rundfunk Berlin-Brandenburg, \u00fcbermittelt durch news aktuell<\/p>\n<p>Quelle: <a href=\"https:\/\/www.presseportal.de\/pm\/51580\/4993798\" target=\"_blank\" rel=\"noopener noreferrer\">presseportal.de<\/a><\/p>\n","protected":false},"excerpt":{"rendered":"<p>Berlin (ots) &#8211; Ein Jahr nach der R\u00e4umung der Kiezkneipe &#8222;Syndikat&#8220; in Berlin-Neuk\u00f6lln hat das Bezirksamt einen Antrag des Hauseigent\u00fcmers<\/p>\n","protected":false},"author":3,"featured_media":0,"comment_status":"closed","ping_status":"open","sticky":false,"template":"","format":"standard","meta":{"colormag_page_container_layout":"default_layout","colormag_page_sidebar_layout":"default_layout","footnotes":""},"categories":[5],"tags":[],"class_list":["post-401628","post","type-post","status-publish","format-standard","hentry","category-politik-wirtschaft"],"_links":{"self":[{"href":"https:\/\/hier-luebeck.de\/index.php\/wp-json\/wp\/v2\/posts\/401628","targetHints":{"allow":["GET"]}}],"collection":[{"href":"https:\/\/hier-luebeck.de\/index.php\/wp-json\/wp\/v2\/posts"}],"about":[{"href":"https:\/\/hier-luebeck.de\/index.php\/wp-json\/wp\/v2\/types\/post"}],"author":[{"embeddable":true,"href":"https:\/\/hier-luebeck.de\/index.php\/wp-json\/wp\/v2\/users\/3"}],"replies":[{"embeddable":true,"href":"https:\/\/hier-luebeck.de\/index.php\/wp-json\/wp\/v2\/comments?post=401628"}],"version-history":[{"count":0,"href":"https:\/\/hier-luebeck.de\/index.php\/wp-json\/wp\/v2\/posts\/401628\/revisions"}],"wp:attachment":[{"href":"https:\/\/hier-luebeck.de\/index.php\/wp-json\/wp\/v2\/media?parent=401628"}],"wp:term":[{"taxonomy":"category","embeddable":true,"href":"https:\/\/hier-luebeck.de\/index.php\/wp-json\/wp\/v2\/categories?post=401628"},{"taxonomy":"post_tag","embeddable":true,"href":"https:\/\/hier-luebeck.de\/index.php\/wp-json\/wp\/v2\/tags?post=401628"}],"curies":[{"name":"wp","href":"https:\/\/api.w.org\/{rel}","templated":true}]}}