{"id":401631,"date":"2021-08-15T06:00:00","date_gmt":"2021-08-15T06:00:00","guid":{"rendered":"https:\/\/www.hier-luebeck.de\/index.php\/berlin-und-brandenburg-erwarten-massive-klimaverwerfungen-in-den-kommenden-jahren\/"},"modified":"2021-08-15T06:00:00","modified_gmt":"2021-08-15T06:00:00","slug":"berlin-und-brandenburg-erwarten-massive-klimaverwerfungen-in-den-kommenden-jahren","status":"publish","type":"post","link":"https:\/\/hier-luebeck.de\/index.php\/berlin-und-brandenburg-erwarten-massive-klimaverwerfungen-in-den-kommenden-jahren\/","title":{"rendered":"Berlin und Brandenburg erwarten massive Klimaverwerfungen in den kommenden Jahren"},"content":{"rendered":"<p>Berlin (ots) &#8211; Die Hauptstadtregion muss sich auf weitere massive Klimaverwerfungen einstellen. In naher Zukunft (2021-2040) steigt die mittlere Jahrestemperatur in Berlin und Brandenburg um 2,1 Grad Celsius auf 9,9 Grad im Vergleich zu Basiszeitraum 1961-1990. Das zeigt eine rbb|24-Datenauswertung des IPCC-Klimaberichts f\u00fcr den Einzugsbereich des Elbe-Flusses, in dem die Hauptstadtregion liegt.<!--more-->   Im Vergleich zur Nachkriegsepoche soll es im Mittel 25,8 weniger Frosttage geben (1961-1990: 98,5 Frosttage) und insgesamt um vier Prozent mehr Niederschlag. In den Winterhalbjahren soll es durch die steigenden Temperaturen mehr Regen und weniger Schneefall geben.   &#8222;F\u00fcr Brandenburg konkret erwarten wir f\u00fcr den Sommer zwar, dass die Niederschl\u00e4ge \u00e4hnlich bleiben, aber weil die Temperaturen steigen werden, trocknet der Boden schneller aus&#8220;, sagt der Mitautor des Berichts, Douglas Maraun von der Universit\u00e4t Graz. Das werde zu st\u00e4rkeren D\u00fcrren und steigender Waldbrandgefahr f\u00fchren.   Gegen Ende des Jahrhunderts (2081-2100) k\u00f6nnte bei einem &#8222;weiter so in der Klimapolitik&#8220; die Jahresmitteltemperatur in der Region auf 13,4 Grad Celsius im Median steigen &#8211; das w\u00e4re ein Plus von 5,7 Grad gegen\u00fcber der Nachkriegsepoche. Dann k\u00f6nnte es nur noch 29,6 Tage im Jahr mit Frost geben.   Den Berechnungen liegen verschiedene wissenschaftliche Modelle und Szenarien zu Grunde, die am besten mit der Formulierung &#8222;weiter so wie bisher&#8220; umschrieben werden (CMIP6-Modell, SSP 5\/RCP 8,5 Szenario, Vergleichszeitraum 1961-1990).   Pressekontakt:   Rundfunk Berlin-Brandenburg Redaktion rbb24 Tel.: +49 (0)30 97993-37950 Fax: +49 (0)30 97993-37909 internet@rbb-online.de Ihr Rundfunkbeitrag f\u00fcr gutes Programm.  Original-Content von: rbb &#8211; Rundfunk Berlin-Brandenburg, \u00fcbermittelt durch news aktuell<\/p>\n<p>Quelle: <a href=\"https:\/\/www.presseportal.de\/pm\/51580\/4993774\" target=\"_blank\" rel=\"noopener noreferrer\">presseportal.de<\/a><\/p>\n","protected":false},"excerpt":{"rendered":"<p>Berlin (ots) &#8211; Die Hauptstadtregion muss sich auf weitere massive Klimaverwerfungen einstellen. In naher Zukunft (2021-2040) steigt die mittlere Jahrestemperatur<\/p>\n","protected":false},"author":3,"featured_media":0,"comment_status":"closed","ping_status":"open","sticky":false,"template":"","format":"standard","meta":{"colormag_page_container_layout":"default_layout","colormag_page_sidebar_layout":"default_layout","footnotes":""},"categories":[5],"tags":[],"class_list":["post-401631","post","type-post","status-publish","format-standard","hentry","category-politik-wirtschaft"],"_links":{"self":[{"href":"https:\/\/hier-luebeck.de\/index.php\/wp-json\/wp\/v2\/posts\/401631","targetHints":{"allow":["GET"]}}],"collection":[{"href":"https:\/\/hier-luebeck.de\/index.php\/wp-json\/wp\/v2\/posts"}],"about":[{"href":"https:\/\/hier-luebeck.de\/index.php\/wp-json\/wp\/v2\/types\/post"}],"author":[{"embeddable":true,"href":"https:\/\/hier-luebeck.de\/index.php\/wp-json\/wp\/v2\/users\/3"}],"replies":[{"embeddable":true,"href":"https:\/\/hier-luebeck.de\/index.php\/wp-json\/wp\/v2\/comments?post=401631"}],"version-history":[{"count":0,"href":"https:\/\/hier-luebeck.de\/index.php\/wp-json\/wp\/v2\/posts\/401631\/revisions"}],"wp:attachment":[{"href":"https:\/\/hier-luebeck.de\/index.php\/wp-json\/wp\/v2\/media?parent=401631"}],"wp:term":[{"taxonomy":"category","embeddable":true,"href":"https:\/\/hier-luebeck.de\/index.php\/wp-json\/wp\/v2\/categories?post=401631"},{"taxonomy":"post_tag","embeddable":true,"href":"https:\/\/hier-luebeck.de\/index.php\/wp-json\/wp\/v2\/tags?post=401631"}],"curies":[{"name":"wp","href":"https:\/\/api.w.org\/{rel}","templated":true}]}}