{"id":402017,"date":"2021-08-17T14:36:35","date_gmt":"2021-08-17T14:36:35","guid":{"rendered":"https:\/\/www.hier-luebeck.de\/index.php\/bundestagswahl-2021-das-phoenix-wahlprogramm-bis-26-september-2021\/"},"modified":"2021-08-17T14:36:35","modified_gmt":"2021-08-17T14:36:35","slug":"bundestagswahl-2021-das-phoenix-wahlprogramm-bis-26-september-2021","status":"publish","type":"post","link":"https:\/\/hier-luebeck.de\/index.php\/bundestagswahl-2021-das-phoenix-wahlprogramm-bis-26-september-2021\/","title":{"rendered":"Bundestagswahl 2021: Das phoenix-Wahlprogramm bis 26. September 2021"},"content":{"rendered":"<p>Bonn (ots) &#8211; Der Countdown l\u00e4uft &#8211; bis zur Bundestagswahl am 26. September 2021 sind es noch knapp sechs Wochen. phoenix &#8211; der Politiksender von ARD und ZDF &#8211; informiert die Zuschauer:innen und Nutzer:innen umfassend \u00fcber die Parteien, ihre Wahl-Programme sowie \u00fcber die Kandidat:innen, die gew\u00e4hlt werden wollen. phoenix macht die Wahl linear und digital erlebbar.<!--more--> Ziel des phoenix-Wahlprogramms ist es, den W\u00e4hler:innen das ganze Bild anzubieten, damit sie sich eine eigene Meinung bilden und am Wahltag bestens vorbereitet ihre Stimmen abgeben k\u00f6nnen.   #phoenixWahlstra\u00dfe   Beim neuen Social Media-Projekt #phoenixWahlstra\u00dfe kommen die W\u00e4hlerinnen und W\u00e4hler zu Wort! Im Mittelpunkt stehen sechs Bewohner:innen einer virtuellen Stra\u00dfengemeinschaft in Essen mit ihren unterschiedlichen Perspektiven: Junge, Alte, Selbst\u00e4ndige, Mieter:innen, Menschen mit und ohne Migrationshintergrund zeigen in eigenen Videos ihren Alltag und sagen, was sie \u00fcber bestimmte politische Themen denken. Die Bewohner:innen der #phoenixWahlstra\u00dfe diskutieren auf Instagram untereinander und mit anderen W\u00e4hlenden, kommen in Interviews zu Wort und werden am Wahlabend zu ihrer Einsch\u00e4tzung befragt. &#8222;Mit #phoenixWahlstra\u00dfe geht phoenix einen neuen Weg, um W\u00e4hlende zu Wort kommen zu lassen und sie zu den politischen Themen ins Gespr\u00e4ch zu bringen. phoenix entwickelt sich damit weiter zu einer multimedialen Politikplattform mit Politik zum Mitdiskutieren und Miterleben&#8220;,so Programmgesch\u00e4ftsf\u00fchrerin Eva Lindenau.   Die #phoenixWahlstra\u00dfe wird es auch im linearen Hauptprogramm geben. In der Reportage kommen die Protagonisten der #phoenixWahlstra\u00dfe ebenfalls zu Wort. Wie erleben sie den Wahlkampf? Welcher Partei wollen sie Ihre Stimme geben? Warum? Die Reportage #phoenixWahlstra\u00dfe, Ausstrahlung: Donnerstag, 23. September 2021, 20.45 Uhr   unter den linden spezial, ab Montag, 30. August 2021, 22.15 Uhr   Die Spitzen-Politiker:innen der aussichtsreichsten Parteien stellen sich ab Montag, 30. August 2021 in unter den linden spezial den Fragen von Eva Lindenau und Michaela Kolster.   Die M\u00fcllers und die Wut der W\u00e4hler- 6 Abgeordnete k\u00e4mpfen um die Wiederwahl &#8211; Von Lars Seefeldt und Bernd Benthin &#8211; Donnerstag, 16. September 2021, 20.45 Uhr   Diese Dokumentation setzt die Langzeitbeobachtung von sechs Bundestagsabgeordneten aller im Bundestag vertretenen Parteien fort. Sie hei\u00dfen alle M\u00fcller &#8211; bzw. Mohamed Ali, ebenso gel\u00e4ufig &#8211; und sind 2017 erstmals in den Bundestag eingezogen. Wie haben sie ihre erste Legislaturperiode erlebt? Was haben sie erreicht? Was treibt sie an, in aufgew\u00fchlten Zeiten wie diesen noch einmal zu kandidieren? Wie reagieren die W\u00e4hlenden in den Wahlkreisen? Die Autoren Lars Seefeldt und Bernd Benthin zeigen, wie Amira Mohamed Ali (Die Linke), Beate M\u00fcller-Gemmeke (Gr\u00fcne), Sepp M\u00fcller (CDU), Detlef M\u00fcller (SPD), Hansj\u00f6rg M\u00fcller (AfD) und Frank M\u00fcller-Rosentritt (FDP) in einen aufreibenden Wahlkampf ziehen. &#8222;Die Dokumentation zeigt Politiker aus der N\u00e4he, menschlich und nahbar &#8211; und l\u00e4sst doch Unterschiede deutlich werden. Wir sehen politisch engagierte Menschen, die sich f\u00fcr ihre Sache einsetzen und das l\u00e4nger als acht Stunden am Tag &#8211; ein authentischer Blick hinter die Kulissen des Politiker-Alltags&#8220;, so Programmgesch\u00e4ftsf\u00fchrerin Michaela Kolster.   Weitere Informationen zu den phoenix-Wahlformaten finden Sie unter dem folgenden Link: https:\/\/phoenix.de\/s\/q3   Pressekontakt:   phoenix-Kommunikation Telefon: 0228 \/ 9584 192 kommunikation@phoenix.de Twitter.com: phoenix_de  Original-Content von: PHOENIX, \u00fcbermittelt durch news aktuell<\/p>\n<p>Quelle: <a href=\"https:\/\/www.presseportal.de\/pm\/6511\/4996408\" target=\"_blank\" rel=\"noopener noreferrer\">presseportal.de<\/a><\/p>\n","protected":false},"excerpt":{"rendered":"<p>Bonn (ots) &#8211; Der Countdown l\u00e4uft &#8211; bis zur Bundestagswahl am 26. September 2021 sind es noch knapp sechs Wochen.<\/p>\n","protected":false},"author":3,"featured_media":0,"comment_status":"closed","ping_status":"open","sticky":false,"template":"","format":"standard","meta":{"colormag_page_container_layout":"default_layout","colormag_page_sidebar_layout":"default_layout","footnotes":""},"categories":[5],"tags":[],"class_list":["post-402017","post","type-post","status-publish","format-standard","hentry","category-politik-wirtschaft"],"_links":{"self":[{"href":"https:\/\/hier-luebeck.de\/index.php\/wp-json\/wp\/v2\/posts\/402017","targetHints":{"allow":["GET"]}}],"collection":[{"href":"https:\/\/hier-luebeck.de\/index.php\/wp-json\/wp\/v2\/posts"}],"about":[{"href":"https:\/\/hier-luebeck.de\/index.php\/wp-json\/wp\/v2\/types\/post"}],"author":[{"embeddable":true,"href":"https:\/\/hier-luebeck.de\/index.php\/wp-json\/wp\/v2\/users\/3"}],"replies":[{"embeddable":true,"href":"https:\/\/hier-luebeck.de\/index.php\/wp-json\/wp\/v2\/comments?post=402017"}],"version-history":[{"count":0,"href":"https:\/\/hier-luebeck.de\/index.php\/wp-json\/wp\/v2\/posts\/402017\/revisions"}],"wp:attachment":[{"href":"https:\/\/hier-luebeck.de\/index.php\/wp-json\/wp\/v2\/media?parent=402017"}],"wp:term":[{"taxonomy":"category","embeddable":true,"href":"https:\/\/hier-luebeck.de\/index.php\/wp-json\/wp\/v2\/categories?post=402017"},{"taxonomy":"post_tag","embeddable":true,"href":"https:\/\/hier-luebeck.de\/index.php\/wp-json\/wp\/v2\/tags?post=402017"}],"curies":[{"name":"wp","href":"https:\/\/api.w.org\/{rel}","templated":true}]}}