{"id":402021,"date":"2021-08-17T14:02:24","date_gmt":"2021-08-17T14:02:24","guid":{"rendered":"https:\/\/www.hier-luebeck.de\/index.php\/hardt-luftbruecke-der-bundeswehr-ist-grosse-menschliche-und-soldatische-leistung\/"},"modified":"2021-08-17T14:02:24","modified_gmt":"2021-08-17T14:02:24","slug":"hardt-luftbruecke-der-bundeswehr-ist-grosse-menschliche-und-soldatische-leistung","status":"publish","type":"post","link":"https:\/\/hier-luebeck.de\/index.php\/hardt-luftbruecke-der-bundeswehr-ist-grosse-menschliche-und-soldatische-leistung\/","title":{"rendered":"Hardt: Luftbr\u00fccke der Bundeswehr ist gro\u00dfe menschliche und soldatische Leistung"},"content":{"rendered":"<p>Berlin (ots) &#8211; Evakuierungsmission ist angelaufen   Die Evakuierungsmission der Bundeswehr f\u00fcr Afghanistan ist angelaufen. Dazu erkl\u00e4rt der au\u00dfenpolitische Sprecher der CDU\/CSU-Bundestagsfraktion, J\u00fcrgen Hardt:   &#8222;Die Bundeswehr hat heute Nacht mit einer ersten Landung in Kabul ihre Evakuierungsmission begonnen.<!--more--> Ziel dieser Landung von deutschen Soldaten war die Sicherung und Koordinierung des Einsatzes vor Ort in Afghanistan. In enger internationaler Zusammenarbeit m\u00fcssen nun diejenigen Personen, die evakuiert werden sollen, f\u00fcr den Ausflug aus Kabul vorbereitet werden. Dies betrifft deutsche Staatsb\u00fcrger sowie gef\u00e4hrdete afghanische Mitarbeiter der Bundeswehr und von zivilen Hilfsorganisationen. Au\u00dferdem wird Deutschland nach M\u00f6glichkeit auch gef\u00e4hrdete Personen anderer Nationen ausfliegen.   Die CDU\/CSU-Bundestagsfraktion setzt darauf, dass mit weiteren Landungen heute und an den Folgetagen die Luftbr\u00fccke erfolgreich umgesetzt werden kann. Unter Umst\u00e4nden muss die Bundesregierung pr\u00fcfen, ob die Luftbr\u00fccke in den kommenden Tagen erweitert werden kann. Ziel ist es, tats\u00e4chlich alle identifizierten Personen sicher aus Afghanistan herauszufliegen.   Die erfolgreiche Evakuierung steht jetzt im Vordergrund. Eine weitere politische Aufarbeitung des Einsatzes in Afghanistan und der Geschehnisse der letzten Wochen wird erfolgen. In einem ersten Schritt findet morgen auf Antrag der Koalitionsfraktionen eine Sondersitzung des Ausw\u00e4rtigen Ausschusses statt. Schon heute spricht die CDU\/CSU-Bundestagsfraktion den Soldaten ihren Respekt und Dank aus, die mit dieser schwierigen und gef\u00e4hrlichen Aufgabe der Evakuierung aus Kabul betraut sind.&#8220;   Hintergrund: Die CDU\/CSU-Fraktion ist die gr\u00f6\u00dfte Fraktion im Deutschen Bundestag. Sie repr\u00e4sentiert im Parlament die Volksparteien der Mitte und f\u00fchlt sich Freiheit, Zusammenhalt und Eigenverantwortung verpflichtet. Auf der Grundlage des christlichen Menschenbildes setzt sich die Unionsfraktion f\u00fcr einen starken freiheitlich-demokratischen Rechtsstaat, die soziale und \u00f6kologische Marktwirtschaft, die Einbindung in die westliche Wertegemeinschaft sowie f\u00fcr die Einigung Europas ein. Vorsitzender der CDU\/CSU-Fraktion im Deutschen Bundestag ist Ralph Brinkhaus.   Pressekontakt:   CDU\/CSU &#8211; Bundestagsfraktion Pressestelle Telefon: (030) 227-53015 Fax: (030) 227-56660 Internet: http:\/\/www.cducsu.de Email: pressestelle@cducsu.de  Original-Content von: CDU\/CSU &#8211; Bundestagsfraktion, \u00fcbermittelt durch news aktuell<\/p>\n<p>Quelle: <a href=\"https:\/\/www.presseportal.de\/pm\/7846\/4996331\" target=\"_blank\" rel=\"noopener noreferrer\">presseportal.de<\/a><\/p>\n","protected":false},"excerpt":{"rendered":"<p>Berlin (ots) &#8211; Evakuierungsmission ist angelaufen Die Evakuierungsmission der Bundeswehr f\u00fcr Afghanistan ist angelaufen. Dazu erkl\u00e4rt der au\u00dfenpolitische Sprecher der<\/p>\n","protected":false},"author":3,"featured_media":0,"comment_status":"closed","ping_status":"open","sticky":false,"template":"","format":"standard","meta":{"colormag_page_container_layout":"default_layout","colormag_page_sidebar_layout":"default_layout","footnotes":""},"categories":[5],"tags":[],"class_list":["post-402021","post","type-post","status-publish","format-standard","hentry","category-politik-wirtschaft"],"_links":{"self":[{"href":"https:\/\/hier-luebeck.de\/index.php\/wp-json\/wp\/v2\/posts\/402021","targetHints":{"allow":["GET"]}}],"collection":[{"href":"https:\/\/hier-luebeck.de\/index.php\/wp-json\/wp\/v2\/posts"}],"about":[{"href":"https:\/\/hier-luebeck.de\/index.php\/wp-json\/wp\/v2\/types\/post"}],"author":[{"embeddable":true,"href":"https:\/\/hier-luebeck.de\/index.php\/wp-json\/wp\/v2\/users\/3"}],"replies":[{"embeddable":true,"href":"https:\/\/hier-luebeck.de\/index.php\/wp-json\/wp\/v2\/comments?post=402021"}],"version-history":[{"count":0,"href":"https:\/\/hier-luebeck.de\/index.php\/wp-json\/wp\/v2\/posts\/402021\/revisions"}],"wp:attachment":[{"href":"https:\/\/hier-luebeck.de\/index.php\/wp-json\/wp\/v2\/media?parent=402021"}],"wp:term":[{"taxonomy":"category","embeddable":true,"href":"https:\/\/hier-luebeck.de\/index.php\/wp-json\/wp\/v2\/categories?post=402021"},{"taxonomy":"post_tag","embeddable":true,"href":"https:\/\/hier-luebeck.de\/index.php\/wp-json\/wp\/v2\/tags?post=402021"}],"curies":[{"name":"wp","href":"https:\/\/api.w.org\/{rel}","templated":true}]}}