{"id":402052,"date":"2021-08-17T15:13:09","date_gmt":"2021-08-17T15:13:09","guid":{"rendered":"https:\/\/www.hier-luebeck.de\/index.php\/pol-se-wedel-diebstahl-eines-honda-jazz-polizei-sucht-zeugen-2\/"},"modified":"2021-08-17T15:13:09","modified_gmt":"2021-08-17T15:13:09","slug":"pol-se-wedel-diebstahl-eines-honda-jazz-polizei-sucht-zeugen-2","status":"publish","type":"post","link":"https:\/\/hier-luebeck.de\/index.php\/pol-se-wedel-diebstahl-eines-honda-jazz-polizei-sucht-zeugen-2\/","title":{"rendered":"POL-SE: Wedel &#8211; Diebstahl eines Honda Jazz &#8211; Polizei sucht Zeugen"},"content":{"rendered":"<p>Bad Segeberg (ots) &#8211; Am Samstag (14.08.2021) ist es in der Stra\u00dfe &#8222;Am Marktplatz&#8220; zu einem Diebstahl eines 9 Jahre alten Fahrzeugs gekommen.   Nach bisherigen Erkenntnisse parkte der 83j\u00e4hrige Gesch\u00e4digte sein Fahrzeug in der Stra\u00dfe &#8222;Am Marktplatz&#8220;.<!--more--> Als er nach einer Stunde zu seinem Fahrzeug in der Farbe grau zur\u00fcckkehrte, stellte er fest, dass der Honda mit Pinneberger Kennzeichen offensichtlich entwendet wurde.   Die Tatzeit d\u00fcrfte zwischen 10:00 Uhr und 11:00 Uhr liegen. Der Schaden wird auf 4.000 Euro gesch\u00e4tzt.   Die Polizei in Pinneberg hat die Ermittlungen aufgenommen und bittet um Hinweise \u00fcber den Verbleib des Fahrzeuges bzw. fragt, ob Zeugen Beobachtungen in der Tatortn\u00e4he gemacht haben.   Hinweise nehmen die Ermittler unter der Rufnummer 04101 &#8211; 202 &#8211; 0 entgegen.   <\/p>\n<p>Quelle: <a href=\"https:\/\/www.presseportal.de\/blaulicht\/pm\/19027\/4996467\" target=\"_blank\" rel=\"noopener noreferrer\">presseportal.de<\/a><\/p>\n","protected":false},"excerpt":{"rendered":"<p>Bad Segeberg (ots) &#8211; Am Samstag (14.08.2021) ist es in der Stra\u00dfe &#8222;Am Marktplatz&#8220; zu einem Diebstahl eines 9 Jahre<\/p>\n","protected":false},"author":3,"featured_media":0,"comment_status":"closed","ping_status":"open","sticky":false,"template":"","format":"standard","meta":{"colormag_page_container_layout":"default_layout","colormag_page_sidebar_layout":"default_layout","footnotes":""},"categories":[20],"tags":[],"class_list":["post-402052","post","type-post","status-publish","format-standard","hentry","category-besondere-neuigkeiten"],"_links":{"self":[{"href":"https:\/\/hier-luebeck.de\/index.php\/wp-json\/wp\/v2\/posts\/402052","targetHints":{"allow":["GET"]}}],"collection":[{"href":"https:\/\/hier-luebeck.de\/index.php\/wp-json\/wp\/v2\/posts"}],"about":[{"href":"https:\/\/hier-luebeck.de\/index.php\/wp-json\/wp\/v2\/types\/post"}],"author":[{"embeddable":true,"href":"https:\/\/hier-luebeck.de\/index.php\/wp-json\/wp\/v2\/users\/3"}],"replies":[{"embeddable":true,"href":"https:\/\/hier-luebeck.de\/index.php\/wp-json\/wp\/v2\/comments?post=402052"}],"version-history":[{"count":0,"href":"https:\/\/hier-luebeck.de\/index.php\/wp-json\/wp\/v2\/posts\/402052\/revisions"}],"wp:attachment":[{"href":"https:\/\/hier-luebeck.de\/index.php\/wp-json\/wp\/v2\/media?parent=402052"}],"wp:term":[{"taxonomy":"category","embeddable":true,"href":"https:\/\/hier-luebeck.de\/index.php\/wp-json\/wp\/v2\/categories?post=402052"},{"taxonomy":"post_tag","embeddable":true,"href":"https:\/\/hier-luebeck.de\/index.php\/wp-json\/wp\/v2\/tags?post=402052"}],"curies":[{"name":"wp","href":"https:\/\/api.w.org\/{rel}","templated":true}]}}