{"id":40323,"date":"2011-08-16T13:28:18","date_gmt":"2011-08-16T13:28:18","guid":{"rendered":"http:\/\/www.hier-luebeck.de\/2011\/08\/pol-se-wahlstedt-mofafahrer-sturzte-und-geriet-unter-ein-fahrzeug\/"},"modified":"2011-08-16T13:28:18","modified_gmt":"2011-08-16T13:28:18","slug":"pol-se-wahlstedt-mofafahrer-sturzte-und-geriet-unter-ein-fahrzeug","status":"publish","type":"post","link":"https:\/\/hier-luebeck.de\/index.php\/pol-se-wahlstedt-mofafahrer-sturzte-und-geriet-unter-ein-fahrzeug\/","title":{"rendered":"POL-SE: Wahlstedt &#8211; Mofafahrer st\u00fcrzte und geriet unter ein Fahrzeug"},"content":{"rendered":"<p>Wahlstedt (ots) &#8211; Gestern, gegen 11.10 Uhr, kam es in Wahlstedt in der Neum\u00fcnsterstra\u00dfe\/Ostlandstra\u00dfe zu einem Verkehrsunfall.     Ein 60 Jahre alter Ricklinger befuhr auf einem Mofa die K 102 aus  Rickling kommend, in Fahrtrichtung Fahrenkrug. In der  Neum\u00fcnsterstra\u00dfe, in H\u00f6he Hausnummer 19, st\u00fcrzte dieser aufgrund  eines epileptischen Anfalles.<!--more-->     Dabei stie\u00df er gegen ein geparktes Fahrzeug, Mercedes A-Klasse,  und rutschte anschlie\u00dfend unter das Fahrzeug. Der Pkw parkte auf dem  Parkplatz vor der Polsterei Nr. 19. Eine Verkehrsteilnehmerin sah den gest\u00fcrzten Mofa-Fahrer und informierte die Rettung.     Der 60j\u00e4hrige war zun\u00e4chst nicht ansprechbar und erlitt einen  erneuten Anfall im Beisein der Rettungskr\u00e4fte. Ersthelfer der FFW  Wahlstedt stabilisierten die Person bis zum Eintreffen der  Rettungskr\u00e4fte. Der Mann wurde nach Neum\u00fcnster ins FEK verbracht.   ots Originaltext: Polizeidirektion Bad Segeberg Digitale Pressemappe: http:\/\/www.polizeipresse.de\/p_story.htx?firmaid=19027  <\/p>\n<p>Quelle: <a href=\"http:\/\/www.presseportal.de\/polizeipresse\/pm\/19027\/2096080\/pol-se-wahlstedt-mofafahrer-stuerzte-und-geriet-unter-ein-fahrzeug\/api\" target=\"_blank\">presseportal.de<\/a><\/p>\n","protected":false},"excerpt":{"rendered":"<p>Wahlstedt (ots) &#8211; Gestern, gegen 11.10 Uhr, kam es in Wahlstedt in der Neum\u00fcnsterstra\u00dfe\/Ostlandstra\u00dfe zu einem Verkehrsunfall. Ein 60 Jahre<\/p>\n","protected":false},"author":3,"featured_media":0,"comment_status":"open","ping_status":"open","sticky":false,"template":"","format":"standard","meta":{"colormag_page_container_layout":"default_layout","colormag_page_sidebar_layout":"default_layout","footnotes":""},"categories":[20],"tags":[],"class_list":["post-40323","post","type-post","status-publish","format-standard","hentry","category-besondere-neuigkeiten"],"_links":{"self":[{"href":"https:\/\/hier-luebeck.de\/index.php\/wp-json\/wp\/v2\/posts\/40323","targetHints":{"allow":["GET"]}}],"collection":[{"href":"https:\/\/hier-luebeck.de\/index.php\/wp-json\/wp\/v2\/posts"}],"about":[{"href":"https:\/\/hier-luebeck.de\/index.php\/wp-json\/wp\/v2\/types\/post"}],"author":[{"embeddable":true,"href":"https:\/\/hier-luebeck.de\/index.php\/wp-json\/wp\/v2\/users\/3"}],"replies":[{"embeddable":true,"href":"https:\/\/hier-luebeck.de\/index.php\/wp-json\/wp\/v2\/comments?post=40323"}],"version-history":[{"count":0,"href":"https:\/\/hier-luebeck.de\/index.php\/wp-json\/wp\/v2\/posts\/40323\/revisions"}],"wp:attachment":[{"href":"https:\/\/hier-luebeck.de\/index.php\/wp-json\/wp\/v2\/media?parent=40323"}],"wp:term":[{"taxonomy":"category","embeddable":true,"href":"https:\/\/hier-luebeck.de\/index.php\/wp-json\/wp\/v2\/categories?post=40323"},{"taxonomy":"post_tag","embeddable":true,"href":"https:\/\/hier-luebeck.de\/index.php\/wp-json\/wp\/v2\/tags?post=40323"}],"curies":[{"name":"wp","href":"https:\/\/api.w.org\/{rel}","templated":true}]}}