{"id":40329,"date":"2011-08-17T06:52:15","date_gmt":"2011-08-17T04:52:15","guid":{"rendered":"http:\/\/www.hier-luebeck.de\/?p=40329"},"modified":"2011-08-17T06:52:16","modified_gmt":"2011-08-17T04:52:16","slug":"pol-rz-ratzeburg-grosteil-einer-einbruchserie-aufgeklart-2","status":"publish","type":"post","link":"https:\/\/hier-luebeck.de\/index.php\/pol-rz-ratzeburg-grosteil-einer-einbruchserie-aufgeklart-2\/","title":{"rendered":"POL-RZ: Ratzeburg &#8211; Gro\u00dfteil einer Einbruchserie aufgekl\u00e4rt"},"content":{"rendered":"<p><a rel=\"attachment wp-att-10985\" href=\"http:\/\/www.hier-luebeck.de\/2010\/02\/pol-hl-hl-st-jurgen-rotloscherstrase-polizei-nimmt-einbrecher-fest\/funkstreifers-13\/\"><img loading=\"lazy\" decoding=\"async\" class=\"alignleft size-full wp-image-10985\" title=\"FunkstreifeRS\" src=\"http:\/\/www.hier-luebeck.de\/wp-content\/uploads\/2010\/02\/FunkstreifeRS6.JPG\" alt=\"\" width=\"220\" height=\"165\" \/><\/a>Polizeidirektion Ratzeburg Ratzeburg (ots) &#8211; Kreis Herzogtum Lauenburg<\/p>\n<p>W\u00e4hrend des ersten Halbjahres 2011 kam es in Ratzeburg und Umgebung zu insgesamt 26 Einbr\u00fcchen in Wohn- und Gesch\u00e4ftsr\u00e4ume sowie Automatenaufbr\u00fcchen. 16 dieser Ein- und Aufbr\u00fcche konnte nun einem polizeilich einschl\u00e4gig bekannten 25-j\u00e4hrigen Ratzeburger zugeordnet werden. Die Taten wurden \u00fcberwiegend in Ratzeburg begangen. Aber auch in Giesensdorf, Mustin, Schmilau, M\u00f6lln und L\u00fcbeck.<!--more--> Entwendet wurde unterschiedliches Stehlgut, \u00fcberwiegend jedoch Werkzeuge und Elektroger\u00e4te in einem Gesamtwert von ca. 50.000,- Euro. Auf die Spur des 25-j\u00e4hrigen kam die Kriminalpolizei Ratzeburg durch die Auswertung von Tatspuren sowie eines Zeu genhinweises. In einer folgenden Vernehmung gestand der Ratzeburger eine Vielzahl von Einbr\u00fcchen. Die Vernehmung ergab weiterhin einen Tatverdacht gegen vier andere jugendliche und heranwachsende Ratzeburger, im Alter von 17-20 Jahren. Die Vier sollen wechselnd an den einzelnen Taten beteiligt gewesen sein.<\/p>\n<p>Die Ermittlungen sind noch nicht abgeschlossen.<\/p>\n<p>In einem seiner Gest\u00e4ndnisse gab der 25-j\u00e4hrige an, einen Wandtresor aus der AWO-Betreuungsst\u00e4tte in Giesendorf entwendet und im Ihlensee in Ziethen bei Ratzeburg versenkt zu haben. Aus diesem Grund wurde der Ihlensee am heutigen Tage von Polizeitauchern aus Eutin durchsucht. Der Tresor konnte von den Tauchern jedoch nicht aufgefunden werden. Insgesamt waren vier Taucher zwischen 10.10 U hr und 11.20 Uhr im Einsatz.<\/p>\n","protected":false},"excerpt":{"rendered":"<p>Polizeidirektion Ratzeburg Ratzeburg (ots) &#8211; Kreis Herzogtum Lauenburg W\u00e4hrend des ersten Halbjahres 2011 kam es in Ratzeburg und Umgebung zu<\/p>\n","protected":false},"author":3,"featured_media":0,"comment_status":"open","ping_status":"open","sticky":false,"template":"","format":"standard","meta":{"colormag_page_container_layout":"default_layout","colormag_page_sidebar_layout":"default_layout","footnotes":""},"categories":[20],"tags":[],"class_list":["post-40329","post","type-post","status-publish","format-standard","hentry","category-besondere-neuigkeiten"],"_links":{"self":[{"href":"https:\/\/hier-luebeck.de\/index.php\/wp-json\/wp\/v2\/posts\/40329","targetHints":{"allow":["GET"]}}],"collection":[{"href":"https:\/\/hier-luebeck.de\/index.php\/wp-json\/wp\/v2\/posts"}],"about":[{"href":"https:\/\/hier-luebeck.de\/index.php\/wp-json\/wp\/v2\/types\/post"}],"author":[{"embeddable":true,"href":"https:\/\/hier-luebeck.de\/index.php\/wp-json\/wp\/v2\/users\/3"}],"replies":[{"embeddable":true,"href":"https:\/\/hier-luebeck.de\/index.php\/wp-json\/wp\/v2\/comments?post=40329"}],"version-history":[{"count":0,"href":"https:\/\/hier-luebeck.de\/index.php\/wp-json\/wp\/v2\/posts\/40329\/revisions"}],"wp:attachment":[{"href":"https:\/\/hier-luebeck.de\/index.php\/wp-json\/wp\/v2\/media?parent=40329"}],"wp:term":[{"taxonomy":"category","embeddable":true,"href":"https:\/\/hier-luebeck.de\/index.php\/wp-json\/wp\/v2\/categories?post=40329"},{"taxonomy":"post_tag","embeddable":true,"href":"https:\/\/hier-luebeck.de\/index.php\/wp-json\/wp\/v2\/tags?post=40329"}],"curies":[{"name":"wp","href":"https:\/\/api.w.org\/{rel}","templated":true}]}}