{"id":40336,"date":"2011-08-17T07:19:35","date_gmt":"2011-08-17T05:19:35","guid":{"rendered":"http:\/\/www.hier-luebeck.de\/?p=40336"},"modified":"2011-08-17T07:19:35","modified_gmt":"2011-08-17T05:19:35","slug":"staatssekretar-fritsche-und-iom-generaldirektor-swing-unterzeichnen-gemeinsame-absichtserklarung","status":"publish","type":"post","link":"https:\/\/hier-luebeck.de\/index.php\/staatssekretar-fritsche-und-iom-generaldirektor-swing-unterzeichnen-gemeinsame-absichtserklarung\/","title":{"rendered":"Staatssekret\u00e4r Fritsche und IOM-Generaldirektor Swing unterzeichnen gemeinsame Absichtserkl\u00e4rung"},"content":{"rendered":"<p>Staatssekret\u00e4r Klaus-Dieter Fritsche und der Generaldirektor der Internationalen Organisation f\u00fcr Migration (IOM), William Lacy Swing, haben heute in Berlin eine gemeinsame Absichtserkl\u00e4rung zur k\u00fcnftigen Zusammenarbeit zwischen dem Bundesministerium des Innern und der IOM unterzeichnet.<!--more--><\/p>\n<p>Das Bundesministerium des Innern und die Internationale Organisation f\u00fcr Migration unterstreichen in der Erkl\u00e4rung die herausragende Bedeutung der F\u00f6rderung der freiwilligen R\u00fcckkehr von Migrantinnen und Migranten in ihre Herkunftsl\u00e4nder. Die langj\u00e4hrige vertrauensvolle Kooperation soll fortgesetzt und in Bezug auf die R\u00fcckkehrf\u00f6rderung und Reintegration weiterentwickelt werden.<\/p>\n<p>\u201eDie IOM ist mit ihrer Expertise, ihrer jahrzehntelangen Erfahrung und ihrem weltweiten Netz an Missionen ein wichtiger Partner bei der F\u00f6rderung der freiwilligen R\u00fcckkehr und Reintegration\u201c, so Staatssekret\u00e4r Klaus-Dieter Fritsche.<\/p>\n<p>Ziel ist ein integriertes R\u00fcckkehrmanagement von der Beratung \u00fcber die R\u00fcckkehrunterst\u00fctzung bis hin zur Reintegration der R\u00fcckkehrerinnen und R\u00fcckkehrer in ihren Heimatl\u00e4ndern. Ein besonderer Schwerpunkt liegt dabei im Sinne der Nachhaltigkeit auf der Phase der Wiedereingliederung nach der R\u00fcckkehr.<\/p>\n<p>\u201eEs ist in der Migrationssteuerung von \u00e4u\u00dferster Wichtigkeit, dass die freiwillige R\u00fcckkehr von Migrantinnen und Migranten in ihre Herkunftsl\u00e4nder auf humane und w\u00fcrdevolle Weise geschieht\u201c, erkl\u00e4rte der Generaldirektor der IOM, William Lacy Swing, anl\u00e4sslich der Unterzeichnung. \u201eDie Bundesrepublik Deutschland war Vorreiter, als hier vor mehr als 32 Jahren ein solches Programm initiiert wurde. Dieses diente in der Folge auf dem gesamten Kontinent als Vorbild. F\u00fcr die IOM ist die Unterst\u00fctzung bei der Reintegration essentiell f\u00fcr eine nachhaltige R\u00fcckkehr. Einer der Hauptfaktoren f\u00fcr die erfolgreiche R\u00fcckkehr von Migrantinnen und Migranten aus Deutschland ist Deutschlands Engagement in der Gew\u00e4hrung dieser Unterst\u00fctzung.\u201c<\/p>\n<p>Die Internationale Organisation f\u00fcr Migration, deren 60-j\u00e4hriges Bestehen in diesem Jahr gefeiert wird, hat 132 Mitgliedstaaten und setzt mit ihren mehr als 7.300 Mitarbeiterinnen und Mitarbeitern an gut 400 Orten weltweit \u00fcber 2.900 Projekte um.<\/p>\n<p>Die Bundesrepublik Deutschland ist seit 1954 Mitglied der IOM. Bereits seit 1979 f\u00fchrt die IOM das vom Bund und den L\u00e4ndern finanzierte R\u00fcckkehrf\u00f6rderprogramm REAG\/GARP (Reintegration and Emigration Programme for Asylum-Seekers in Germany\/ Government Assisted Repatriation Programme) durch. Seit Bestehen des Programms wurde die R\u00fcckkehr von ann\u00e4hernd 550.000 Migrantinnen und Migranten in ihre Herkunftsl\u00e4nder unterst\u00fctzt.<\/p>\n<p>Daneben f\u00fchrt die IOM in Deutschland Projekte im Bereich der Bek\u00e4mpfung von Menschenhandel zum Zweck der Arbeitsausbeutung sowie im Bereich der Integration von Migrantinnen und Migranten durch.<\/p>\n","protected":false},"excerpt":{"rendered":"<p>Staatssekret\u00e4r Klaus-Dieter Fritsche und der Generaldirektor der Internationalen Organisation f\u00fcr Migration (IOM), William Lacy Swing, haben heute in Berlin eine<\/p>\n","protected":false},"author":3,"featured_media":0,"comment_status":"open","ping_status":"open","sticky":false,"template":"","format":"standard","meta":{"colormag_page_container_layout":"default_layout","colormag_page_sidebar_layout":"default_layout","footnotes":""},"categories":[5],"tags":[],"class_list":["post-40336","post","type-post","status-publish","format-standard","hentry","category-politik-wirtschaft"],"_links":{"self":[{"href":"https:\/\/hier-luebeck.de\/index.php\/wp-json\/wp\/v2\/posts\/40336","targetHints":{"allow":["GET"]}}],"collection":[{"href":"https:\/\/hier-luebeck.de\/index.php\/wp-json\/wp\/v2\/posts"}],"about":[{"href":"https:\/\/hier-luebeck.de\/index.php\/wp-json\/wp\/v2\/types\/post"}],"author":[{"embeddable":true,"href":"https:\/\/hier-luebeck.de\/index.php\/wp-json\/wp\/v2\/users\/3"}],"replies":[{"embeddable":true,"href":"https:\/\/hier-luebeck.de\/index.php\/wp-json\/wp\/v2\/comments?post=40336"}],"version-history":[{"count":0,"href":"https:\/\/hier-luebeck.de\/index.php\/wp-json\/wp\/v2\/posts\/40336\/revisions"}],"wp:attachment":[{"href":"https:\/\/hier-luebeck.de\/index.php\/wp-json\/wp\/v2\/media?parent=40336"}],"wp:term":[{"taxonomy":"category","embeddable":true,"href":"https:\/\/hier-luebeck.de\/index.php\/wp-json\/wp\/v2\/categories?post=40336"},{"taxonomy":"post_tag","embeddable":true,"href":"https:\/\/hier-luebeck.de\/index.php\/wp-json\/wp\/v2\/tags?post=40336"}],"curies":[{"name":"wp","href":"https:\/\/api.w.org\/{rel}","templated":true}]}}