{"id":40367,"date":"2011-08-17T13:40:48","date_gmt":"2011-08-17T11:40:48","guid":{"rendered":"http:\/\/www.hier-luebeck.de\/?p=40367"},"modified":"2011-08-17T13:40:48","modified_gmt":"2011-08-17T11:40:48","slug":"koki-programm-fur-die-neue-spielzeit-ab-18-august-2011","status":"publish","type":"post","link":"https:\/\/hier-luebeck.de\/index.php\/koki-programm-fur-die-neue-spielzeit-ab-18-august-2011\/","title":{"rendered":"KoKi-Programm f\u00fcr die neue Spielzeit ab 18. August 2011"},"content":{"rendered":"<p>Arne Feddersen gibt Ausblick auf Highlights des Kommunalen Kinos in n\u00e4chsten Monaten<\/p>\n<p>Die Sommerpause ist vorbei: Am morgigen Donnerstag, 18. August, startet das Kommunale Kino L\u00fcbeck (KoKi) in die neue Spielzeit. Zum Auftakt um 18 Uhr wird der Film \u201ePina\u201c gezeigt, ein Wim Wenders-Film \u00fcber die Choreographin Pina Bausch. Arne Feddersen, gesch\u00e4ftsf\u00fchrender Vorsitzender des F\u00f6rderkreises Kommunales Kino L\u00fcbeck e.V., wird anwesend sein und die Programm-Highlights der n\u00e4chsten Monate vorstellen.<!--more--><\/p>\n<p>Einer der H\u00f6hepunkte ist der Start der Filmreihe \u201eHinter Mauern, hinter Gittern\u201c in Kooperation mit der Resohilfe L\u00fcbeck am 5. September. Den Auftakt bildet der Film \u201ePicco\u201c von Philip Koch, der den Foltermord in der Justizvollzugsanstalt Siegburg im Herbst 2006 thematisiert. Die Leiterin der Jugendgerichtshilfe der Hansestadt, Eva Mesch, wird in den Film einf\u00fchren und m\u00f6chte anschlie\u00dfend mit den Kinobesuchern ins Gespr\u00e4ch kommen.<\/p>\n<p>In der zweiten Septemberwoche (ab 8. September) zeigt das KoKi wieder neue italienische Filme der Filmtournee \u2019Cinema! Italia!\u2019 in der Originalfassung mit deutschen Untertiteln. \u201e Alle sechs Filme sind engagiertes Autorenkino und erz\u00e4hlen auf unterschiedliche Art von ihrem Land und vom Leben in Italien\u201c verspricht Arne Feddersen. Der erste Film der Reihe ist \u201eLa prima cosa bella\u201c am 8. September um 20.30 Uhr, eine Familiensaga, die Italiens Oscar-Kandidat 2011 war.<\/p>\n<p>\u201eEinen echten Augenschmaus bieten wir ab dem 22. September\u201c, erkl\u00e4rt der Vorsitzende des F\u00f6rderkreises. Dann startet \u201eLife in a day\u201c. Der Dokumentarfilm ist ein Experiment von mehreren Filmemachern rund um den Globus, die einen Tag auf der Erde dokumentieren, und zwar den 24. Juli 2010. Der Film soll zuk\u00fcnftigen Generationen zeigen, wie ein ganz normaler Tag zu dieser Zeit ausgesehen hat. Regisseur Kevin Macdonald rief mit Produzent Ridley Scott und YouTube.com Menschen in aller Welt auf, kurze Videos von diesem Tag online zu stelle. Die Resonanz war enorm: Etwa 80.000 Kurzfilme aus 197 L\u00e4ndern gingen auf YouTube.com ein und wurden zu einem 95-min\u00fctigen Spielfilm zusammengef\u00fcgt. Er ist ab 22. September vier Tage lang jeweils um 18 Uhr im KoKi zu sehen.<\/p>\n<p>Freunde von Musik-Dokumentationen kommen mit \u201eAll you need is Klaus\u201c auf ihre Kosten. Ab 1. September ist die Dokumentation \u00fcber Klaus Voormann \u2013 Freund der Beatles, Mitbewohner ihrer WG in London, Grafiker ihres preisgekr\u00f6nten Covers \u201eRevolver\u201c &#8211; vier Tage lang jeweils um 18 Uhr zu sehen.<\/p>\n<p>Das ganze Programm des KoKi ist zu finden unter www.kinokoki.de<\/p>\n<p>Der F\u00f6rderkreis Kommunales Kino L\u00fcbeck e.V. f\u00fchrt die Gesch\u00e4fte des ehemals st\u00e4dtischen Kinos. Er besteht aus engagierten Cineasten, die ein Filmprogramm gestalten, das der kommunalen Filmarbeit verpflichtet ist. \u201eWir wollen den Blick weiten f\u00fcr andere Kulturen und andere Sehweisen. Wir zeigen kleine und gro\u00dfe Filme, Retrospektiven und avantgardistische Experimente, zum Nachdenken oder einfach zum Entspannen\u201c, erkl\u00e4rt Arne Feddersen. Das Kino KoKi versteht sich nicht als kommerzielle Abspielst\u00e4tte, sondern als Pflegerin der vierten Kunst \u2013 des Films. Von den stummen Anf\u00e4ngen bis ins multimediale \u00dcbermorgen soll die ganze Bandbreite der Filmgeschichte abgedeckt werden. Der F\u00f6rderkreis hat derzeit etwa vierhundert Mitglieder.<\/p>\n","protected":false},"excerpt":{"rendered":"<p>Arne Feddersen gibt Ausblick auf Highlights des Kommunalen Kinos in n\u00e4chsten Monaten Die Sommerpause ist vorbei: Am morgigen Donnerstag, 18.<\/p>\n","protected":false},"author":3,"featured_media":0,"comment_status":"open","ping_status":"open","sticky":false,"template":"","format":"standard","meta":{"colormag_page_container_layout":"default_layout","colormag_page_sidebar_layout":"default_layout","footnotes":""},"categories":[20],"tags":[],"class_list":["post-40367","post","type-post","status-publish","format-standard","hentry","category-besondere-neuigkeiten"],"_links":{"self":[{"href":"https:\/\/hier-luebeck.de\/index.php\/wp-json\/wp\/v2\/posts\/40367","targetHints":{"allow":["GET"]}}],"collection":[{"href":"https:\/\/hier-luebeck.de\/index.php\/wp-json\/wp\/v2\/posts"}],"about":[{"href":"https:\/\/hier-luebeck.de\/index.php\/wp-json\/wp\/v2\/types\/post"}],"author":[{"embeddable":true,"href":"https:\/\/hier-luebeck.de\/index.php\/wp-json\/wp\/v2\/users\/3"}],"replies":[{"embeddable":true,"href":"https:\/\/hier-luebeck.de\/index.php\/wp-json\/wp\/v2\/comments?post=40367"}],"version-history":[{"count":0,"href":"https:\/\/hier-luebeck.de\/index.php\/wp-json\/wp\/v2\/posts\/40367\/revisions"}],"wp:attachment":[{"href":"https:\/\/hier-luebeck.de\/index.php\/wp-json\/wp\/v2\/media?parent=40367"}],"wp:term":[{"taxonomy":"category","embeddable":true,"href":"https:\/\/hier-luebeck.de\/index.php\/wp-json\/wp\/v2\/categories?post=40367"},{"taxonomy":"post_tag","embeddable":true,"href":"https:\/\/hier-luebeck.de\/index.php\/wp-json\/wp\/v2\/tags?post=40367"}],"curies":[{"name":"wp","href":"https:\/\/api.w.org\/{rel}","templated":true}]}}