{"id":40422,"date":"2011-08-17T10:44:10","date_gmt":"2011-08-17T10:44:10","guid":{"rendered":"http:\/\/www.hier-luebeck.de\/2011\/08\/pol-rz-bargteheidetodendorf-frontalzusammenstos-auf-der-bundesstrase\/"},"modified":"2011-08-17T10:44:10","modified_gmt":"2011-08-17T10:44:10","slug":"pol-rz-bargteheidetodendorf-frontalzusammenstos-auf-der-bundesstrase","status":"publish","type":"post","link":"https:\/\/hier-luebeck.de\/index.php\/pol-rz-bargteheidetodendorf-frontalzusammenstos-auf-der-bundesstrase\/","title":{"rendered":"POL-RZ: Bargteheide\/Todendorf  &#8211;  Frontalzusammensto\u00df auf der Bundesstra\u00dfe"},"content":{"rendered":"<p>Ratzeburg (ots) &#8211; Kreis Stormarn \/ 16.08.2011, Dienstag     Am Dienstag, gegen 16.45 Uhr, kam es auf der Bundesstra\u00dfe 404,  in H\u00f6he der Gemeinde Todendorf, zu einem schweren Verkehrsunfall.     Ein 42-j\u00e4hriger Mann aus Malente befuhr mit einem leeren Sattelzug die B 404 in Richtung S\u00fcden, als ein entgegen kommender  orangefarbener DB Sprinter unmittelbar vor ihm auf die Gegenfahrspur  geriet.<!--more--> Trotz Bremsung und Ausweichman\u00f6ver konnte der 42-j\u00e4hrige  einen Unfall nicht verhindern, so dass es zwischen dem Sattelzug und  dem Sprinter jeweils vorne links zu einem Zusammensto\u00df kam. Der  Fahrer des Sprinters, ein 48-j\u00e4hriger Mann aus der N\u00e4he von Malente,  wurde bei dem Unfall lebensgef\u00e4hrlich verletzt und musste mit einem  Rettungshubschrauber in das KKH HH-Skt. Georg eingeliefert werden.  Der Fahrer des Sattelzug ist schwer verletzt in das KKH HH-Wandsbek  eingeliefert worden. Beide M\u00e4nner mussten von der Feuerwehr aus ihren Fahrzeugen geschnitten werden. An der Sattelzugmaschine und dem  Sprinter entstand wirtschaftlicher Totalschaden. Der Sattelauflieger  ist vorne links besch\u00e4digt worden. Die Gesamtschadensh\u00f6he bel\u00e4uft  sich auf ca. 60.000,- Euro.     Bei dem Zusammensto\u00df wurde der Kraftstofftank der Zugmaschine  aufgerissen, so dass ca. 350 l Dieselkraftstoff ausgelaufen und ins  Erdreich gesickert sind.     Die Bundesstra\u00dfe 404 musste f\u00fcr ca. 10 Stunden voll gesperrt  werden.     Die Unfallursache steht derzeit noch nicht fest. Nach ersten  Ermittlungen ergaben sich Hinweise darauf, dass der Fahrer des  Sprinter m\u00f6glicherweise eingeschlafen sein k\u00f6nnte.     <\/p>\n<p>Quelle: <a href=\"http:\/\/www.presseportal.de\/polizeipresse\/pm\/43735\/2096542\/pol-rz-bargteheide-todendorf-frontalzusammenstoss-auf-der-bundesstrasse\/api\" target=\"_blank\">presseportal.de<\/a><\/p>\n","protected":false},"excerpt":{"rendered":"<p>Ratzeburg (ots) &#8211; Kreis Stormarn \/ 16.08.2011, Dienstag Am Dienstag, gegen 16.45 Uhr, kam es auf der Bundesstra\u00dfe 404, in<\/p>\n","protected":false},"author":3,"featured_media":0,"comment_status":"open","ping_status":"open","sticky":false,"template":"","format":"standard","meta":{"colormag_page_container_layout":"default_layout","colormag_page_sidebar_layout":"default_layout","footnotes":""},"categories":[20],"tags":[],"class_list":["post-40422","post","type-post","status-publish","format-standard","hentry","category-besondere-neuigkeiten"],"_links":{"self":[{"href":"https:\/\/hier-luebeck.de\/index.php\/wp-json\/wp\/v2\/posts\/40422","targetHints":{"allow":["GET"]}}],"collection":[{"href":"https:\/\/hier-luebeck.de\/index.php\/wp-json\/wp\/v2\/posts"}],"about":[{"href":"https:\/\/hier-luebeck.de\/index.php\/wp-json\/wp\/v2\/types\/post"}],"author":[{"embeddable":true,"href":"https:\/\/hier-luebeck.de\/index.php\/wp-json\/wp\/v2\/users\/3"}],"replies":[{"embeddable":true,"href":"https:\/\/hier-luebeck.de\/index.php\/wp-json\/wp\/v2\/comments?post=40422"}],"version-history":[{"count":0,"href":"https:\/\/hier-luebeck.de\/index.php\/wp-json\/wp\/v2\/posts\/40422\/revisions"}],"wp:attachment":[{"href":"https:\/\/hier-luebeck.de\/index.php\/wp-json\/wp\/v2\/media?parent=40422"}],"wp:term":[{"taxonomy":"category","embeddable":true,"href":"https:\/\/hier-luebeck.de\/index.php\/wp-json\/wp\/v2\/categories?post=40422"},{"taxonomy":"post_tag","embeddable":true,"href":"https:\/\/hier-luebeck.de\/index.php\/wp-json\/wp\/v2\/tags?post=40422"}],"curies":[{"name":"wp","href":"https:\/\/api.w.org\/{rel}","templated":true}]}}