{"id":40594,"date":"2011-08-21T18:57:30","date_gmt":"2011-08-21T16:57:30","guid":{"rendered":"http:\/\/www.hier-luebeck.de\/?p=40594"},"modified":"2011-09-05T10:50:23","modified_gmt":"2011-09-05T08:50:23","slug":"schade-schon-zuende-hanse-weekend-lubeck-19-08-21-08-2011","status":"publish","type":"post","link":"https:\/\/hier-luebeck.de\/index.php\/schade-schon-zuende-hanse-weekend-lubeck-19-08-21-08-2011\/","title":{"rendered":"Schade&#8230; schon zuende: Hanse-Weekend L\u00fcbeck (19.08.-21.08.2011)"},"content":{"rendered":"<p><a href=\"http:\/\/www.hier-luebeck.de\/wp-content\/uploads\/2011\/08\/tbf210811_Harley_Hanse-Weekend-2011_Freywald_018a.jpg\"><img loading=\"lazy\" decoding=\"async\" class=\"alignleft size-full wp-image-40598\" title=\"tbf210811_Harley_Hanse Weekend 2011_Freywald_018a\" src=\"http:\/\/www.hier-luebeck.de\/wp-content\/uploads\/2011\/08\/tbf210811_Harley_Hanse-Weekend-2011_Freywald_018a.jpg\" alt=\"\" width=\"520\" height=\"347\" srcset=\"https:\/\/hier-luebeck.de\/wp-content\/uploads\/2011\/08\/tbf210811_Harley_Hanse-Weekend-2011_Freywald_018a.jpg 520w, https:\/\/hier-luebeck.de\/wp-content\/uploads\/2011\/08\/tbf210811_Harley_Hanse-Weekend-2011_Freywald_018a-320x213.jpg 320w, https:\/\/hier-luebeck.de\/wp-content\/uploads\/2011\/08\/tbf210811_Harley_Hanse-Weekend-2011_Freywald_018a-426x284.jpg 426w\" sizes=\"auto, (max-width: 520px) 100vw, 520px\" \/><\/a>Fotos: TBF\/Wolfgang Freywald &#8211; Im Bild der Stand &#8222;Bluesbros.&#8220; &#8211; <strong><strong><strong><a href=\"http:\/\/new.tbf-presseagentur.de\/cgi-bin\/thumbpage\/thumbpage.cgi?luebeck\/today\/08August11\/bilder\/Harley-Hanseweekend2\" target=\"_blank\"><strong><strong> \u201cZum Bilderbogen\u201d<\/strong><\/strong><\/a><\/strong><\/strong><\/strong><br \/>\nEs ist zuende, dass tolle Biker-Fest &#8222;Hanse-Weekend 2011. Kult und Kultur verbanden sich miteinander und die Stimmung, das Programm aber auch das Wetter waren einfach super. <strong>F\u00fcr viele bleiben die Harleys nur Tr\u00e4ume aus Chrom und Stahl!<\/strong> <!--more-->So ein Event in der sch\u00f6nen Hansestadt L\u00fcbeck und Travem\u00fcnde sorgt f\u00fcr einen hohen Zuspruch in der Bev\u00f6lkerung. Und so wurde gefachsimpelt, gefeiert und gute laune verbreitet, was das Zeug h\u00e4lt. Man feiert mit L\u00fcbeck und  nicht nur in L\u00fcbeck!  Vier gro\u00dfe Veranstaltungsfl\u00e4chen und jede Menge Unterhaltung. Wir freuen uns schon auf`s n\u00e4chste Jahr. &#8222;Jungs und M\u00e4dels auf euren satten, r\u00f6hrenden Maschinen, kommt bloss bald wieder.&#8220;<\/p>\n","protected":false},"excerpt":{"rendered":"<p>Fotos: TBF\/Wolfgang Freywald &#8211; Im Bild der Stand &#8222;Bluesbros.&#8220; &#8211; \u201cZum Bilderbogen\u201d Es ist zuende, dass tolle Biker-Fest &#8222;Hanse-Weekend 2011.<\/p>\n","protected":false},"author":3,"featured_media":0,"comment_status":"open","ping_status":"open","sticky":false,"template":"","format":"standard","meta":{"colormag_page_container_layout":"default_layout","colormag_page_sidebar_layout":"default_layout","footnotes":""},"categories":[13],"tags":[],"class_list":["post-40594","post","type-post","status-publish","format-standard","hentry","category-veranstaltungen"],"_links":{"self":[{"href":"https:\/\/hier-luebeck.de\/index.php\/wp-json\/wp\/v2\/posts\/40594","targetHints":{"allow":["GET"]}}],"collection":[{"href":"https:\/\/hier-luebeck.de\/index.php\/wp-json\/wp\/v2\/posts"}],"about":[{"href":"https:\/\/hier-luebeck.de\/index.php\/wp-json\/wp\/v2\/types\/post"}],"author":[{"embeddable":true,"href":"https:\/\/hier-luebeck.de\/index.php\/wp-json\/wp\/v2\/users\/3"}],"replies":[{"embeddable":true,"href":"https:\/\/hier-luebeck.de\/index.php\/wp-json\/wp\/v2\/comments?post=40594"}],"version-history":[{"count":0,"href":"https:\/\/hier-luebeck.de\/index.php\/wp-json\/wp\/v2\/posts\/40594\/revisions"}],"wp:attachment":[{"href":"https:\/\/hier-luebeck.de\/index.php\/wp-json\/wp\/v2\/media?parent=40594"}],"wp:term":[{"taxonomy":"category","embeddable":true,"href":"https:\/\/hier-luebeck.de\/index.php\/wp-json\/wp\/v2\/categories?post=40594"},{"taxonomy":"post_tag","embeddable":true,"href":"https:\/\/hier-luebeck.de\/index.php\/wp-json\/wp\/v2\/tags?post=40594"}],"curies":[{"name":"wp","href":"https:\/\/api.w.org\/{rel}","templated":true}]}}