{"id":40624,"date":"2011-08-22T00:42:52","date_gmt":"2011-08-22T00:42:52","guid":{"rendered":"http:\/\/www.hier-luebeck.de\/2011\/08\/fw-hl-dachstuhlbrand-in-der-lubecker-tilsitstrasse\/"},"modified":"2011-08-22T12:51:58","modified_gmt":"2011-08-22T10:51:58","slug":"fw-hl-dachstuhlbrand-in-der-lubecker-tilsitstrasse","status":"publish","type":"post","link":"https:\/\/hier-luebeck.de\/index.php\/fw-hl-dachstuhlbrand-in-der-lubecker-tilsitstrasse\/","title":{"rendered":"FW-HL: Dachstuhlbrand in der L\u00fcbecker Tilsitstrasse"},"content":{"rendered":"<p><a href=\"http:\/\/www.hier-luebeck.de\/wp-content\/uploads\/2011\/08\/Feuer-Tilsitstra\u00dfe_Kroeger_0006.jpg\"><img loading=\"lazy\" decoding=\"async\" class=\"alignleft size-full wp-image-40636\" title=\"Feuer Tilsitstra\u00dfe_Kroeger_0006\" src=\"http:\/\/www.hier-luebeck.de\/wp-content\/uploads\/2011\/08\/Feuer-Tilsitstra\u00dfe_Kroeger_0006.jpg\" alt=\"\" width=\"500\" height=\"335\" srcset=\"https:\/\/hier-luebeck.de\/wp-content\/uploads\/2011\/08\/Feuer-Tilsitstra\u00dfe_Kroeger_0006.jpg 500w, https:\/\/hier-luebeck.de\/wp-content\/uploads\/2011\/08\/Feuer-Tilsitstra\u00dfe_Kroeger_0006-320x214.jpg 320w, https:\/\/hier-luebeck.de\/wp-content\/uploads\/2011\/08\/Feuer-Tilsitstra\u00dfe_Kroeger_0006-426x285.jpg 426w\" sizes=\"auto, (max-width: 500px) 100vw, 500px\" \/><\/a>Foto: TBF\/ Holger Kr\u00f6ger<\/p>\n<p>L\u00fcbeck (ots) &#8211; Die Feuerwehr L\u00fcbeck wurde am Sonntagabend um 22:10 Uhr in die Tilsitstrasse, Ecke Tannenberg in L\u00fcbeck K\u00fccknitz gerufen. Gem\u00e4\u00df der Alarmausr\u00fcckeordnung wurden zwei L\u00fcbecker L\u00f6schz\u00fcge zur  Einsatzstelle alarmiert.<!--more--> Nach Eintreffen der ersten Einsatzkr\u00e4fte wurde ein Bewohner \u00fcber  den Drehleiterwagen gerettet, w\u00e4hrend Flammen aus dem Dach des  viergeschossigen Mehrfamilienhauses schlugen. \u00dcber  zwei C-Rohre im  Innenangriff und \u00fcber zwei Wenderohre \u00fcber zwei Drehleitern wurde der in voller Ausdehnung brennende Dachstuhl bek\u00e4mpft.     Ein Bewohner wurde mit einer Rauchgasintoxigation von einer  Rettungswagenbesatzung versorgt, ein weiterer Bewohner erlitt eine  Kreislaufschw\u00e4che und wurde von einer weiteren Rettungswagenbesatzung versorgt.     Bereits gegen 22:50 Uhr konnten die Wenderohre zur\u00fcckgenommen  werden und es wurden nur noch kleine Glutnester im Innenangriff  abgel\u00f6scht.     Bereits gegen Mitternacht konnten viele der Einsatzkr\u00e4fte die  Einsatzstelle wieder verlassen. Im Einsatz befanden sich ca. 50  Einsatzkr\u00e4fte der Berufsfeuerwehrwachen 1, 3 und 4, sowie die  Freiwilligen Feuerwehren K\u00fccknitz, Dummerstorf, Schlutup, Vorwerk,  Sch\u00f6nb\u00f6cken und Travem\u00fcnde.     Das Mehrfamilienhaus ist zur Zeit stromlos geschaltet, bleibt aber voraussichtlich bewohnbar.     Bj\u00f6rn von Mateffy, 22.08.2011     Pressebetreuuer Feuerwehr L\u00fcbeck<\/p>\n<p>Quelle: <a href=\"http:\/\/www.presseportal.de\/polizeipresse\/pm\/52865\/2098740\/fw-hl-dachstuhlbrand-in-der-luebecker-tilsitstrasse\/api\" target=\"_blank\">presseportal.de<\/a><\/p>\n<p><a rel=\"attachment wp-att-40635\" href=\"http:\/\/www.hier-luebeck.de\/2011\/08\/fw-hl-dachstuhlbrand-in-der-lubecker-tilsitstrasse\/feuer-tilsitstrase_kroeger_0004\/\"><img loading=\"lazy\" decoding=\"async\" class=\"alignleft size-full wp-image-40635\" title=\"Feuer Tilsitstra\u00dfe_Kroeger_0004\" src=\"http:\/\/www.hier-luebeck.de\/wp-content\/uploads\/2011\/08\/Feuer-Tilsitstra\u00dfe_Kroeger_0004.jpg\" alt=\"\" width=\"500\" height=\"335\" srcset=\"https:\/\/hier-luebeck.de\/wp-content\/uploads\/2011\/08\/Feuer-Tilsitstra\u00dfe_Kroeger_0004.jpg 500w, https:\/\/hier-luebeck.de\/wp-content\/uploads\/2011\/08\/Feuer-Tilsitstra\u00dfe_Kroeger_0004-320x214.jpg 320w, https:\/\/hier-luebeck.de\/wp-content\/uploads\/2011\/08\/Feuer-Tilsitstra\u00dfe_Kroeger_0004-426x285.jpg 426w\" sizes=\"auto, (max-width: 500px) 100vw, 500px\" \/><\/a><\/p>\n<p>&nbsp;<\/p>\n<p>&nbsp;<\/p>\n<p>&nbsp;<\/p>\n<p>&nbsp;<\/p>\n<p>&nbsp;<\/p>\n<p>&nbsp;<\/p>\n<p>&nbsp;<\/p>\n<p>&nbsp;<\/p>\n<p>&nbsp;<\/p>\n<p>&nbsp;<\/p>\n<p>&nbsp;<\/p>\n<p><a rel=\"attachment wp-att-40636\" href=\"http:\/\/www.hier-luebeck.de\/2011\/08\/fw-hl-dachstuhlbrand-in-der-lubecker-tilsitstrasse\/feuer-tilsitstrase_kroeger_0006\/\"><img loading=\"lazy\" decoding=\"async\" class=\"alignleft size-full wp-image-40636\" title=\"Feuer Tilsitstra\u00dfe_Kroeger_0006\" src=\"http:\/\/www.hier-luebeck.de\/wp-content\/uploads\/2011\/08\/Feuer-Tilsitstra\u00dfe_Kroeger_0006.jpg\" alt=\"\" width=\"500\" height=\"335\" srcset=\"https:\/\/hier-luebeck.de\/wp-content\/uploads\/2011\/08\/Feuer-Tilsitstra\u00dfe_Kroeger_0006.jpg 500w, https:\/\/hier-luebeck.de\/wp-content\/uploads\/2011\/08\/Feuer-Tilsitstra\u00dfe_Kroeger_0006-320x214.jpg 320w, https:\/\/hier-luebeck.de\/wp-content\/uploads\/2011\/08\/Feuer-Tilsitstra\u00dfe_Kroeger_0006-426x285.jpg 426w\" sizes=\"auto, (max-width: 500px) 100vw, 500px\" \/><\/a><\/p>\n<p>&nbsp;<\/p>\n<p>&nbsp;<\/p>\n<p>&nbsp;<\/p>\n<p>&nbsp;<\/p>\n<p>&nbsp;<\/p>\n<p>&nbsp;<\/p>\n<p>&nbsp;<\/p>\n<p>&nbsp;<\/p>\n<p>&nbsp;<\/p>\n<p>&nbsp;<\/p>\n<p>&nbsp;<\/p>\n<p><a rel=\"attachment wp-att-40637\" href=\"http:\/\/www.hier-luebeck.de\/2011\/08\/fw-hl-dachstuhlbrand-in-der-lubecker-tilsitstrasse\/feuer-tilsitstrase_kroeger_0008\/\"><img loading=\"lazy\" decoding=\"async\" class=\"alignleft size-full wp-image-40637\" title=\"Feuer Tilsitstra\u00dfe_Kroeger_0008\" src=\"http:\/\/www.hier-luebeck.de\/wp-content\/uploads\/2011\/08\/Feuer-Tilsitstra\u00dfe_Kroeger_0008.jpg\" alt=\"\" width=\"500\" height=\"335\" srcset=\"https:\/\/hier-luebeck.de\/wp-content\/uploads\/2011\/08\/Feuer-Tilsitstra\u00dfe_Kroeger_0008.jpg 500w, https:\/\/hier-luebeck.de\/wp-content\/uploads\/2011\/08\/Feuer-Tilsitstra\u00dfe_Kroeger_0008-320x214.jpg 320w, https:\/\/hier-luebeck.de\/wp-content\/uploads\/2011\/08\/Feuer-Tilsitstra\u00dfe_Kroeger_0008-426x285.jpg 426w\" sizes=\"auto, (max-width: 500px) 100vw, 500px\" \/><\/a><\/p>\n<p>&nbsp;<\/p>\n<p>&nbsp;<\/p>\n<p>&nbsp;<\/p>\n<p>&nbsp;<\/p>\n<p>&nbsp;<\/p>\n<p>&nbsp;<\/p>\n<p>&nbsp;<\/p>\n<p>&nbsp;<\/p>\n<p>&nbsp;<\/p>\n<p>&nbsp;<\/p>\n<p>&nbsp;<\/p>\n<p><a rel=\"attachment wp-att-40638\" href=\"http:\/\/www.hier-luebeck.de\/2011\/08\/fw-hl-dachstuhlbrand-in-der-lubecker-tilsitstrasse\/feuer-tilsitstrase_kroeger_0007\/\"><img loading=\"lazy\" decoding=\"async\" class=\"alignleft size-full wp-image-40638\" title=\"Feuer Tilsitstra\u00dfe_Kroeger_0007\" src=\"http:\/\/www.hier-luebeck.de\/wp-content\/uploads\/2011\/08\/Feuer-Tilsitstra\u00dfe_Kroeger_0007.jpg\" alt=\"\" width=\"500\" height=\"335\" srcset=\"https:\/\/hier-luebeck.de\/wp-content\/uploads\/2011\/08\/Feuer-Tilsitstra\u00dfe_Kroeger_0007.jpg 500w, https:\/\/hier-luebeck.de\/wp-content\/uploads\/2011\/08\/Feuer-Tilsitstra\u00dfe_Kroeger_0007-320x214.jpg 320w, https:\/\/hier-luebeck.de\/wp-content\/uploads\/2011\/08\/Feuer-Tilsitstra\u00dfe_Kroeger_0007-426x285.jpg 426w\" sizes=\"auto, (max-width: 500px) 100vw, 500px\" \/><\/a><\/p>\n","protected":false},"excerpt":{"rendered":"<p>Foto: TBF\/ Holger Kr\u00f6ger L\u00fcbeck (ots) &#8211; Die Feuerwehr L\u00fcbeck wurde am Sonntagabend um 22:10 Uhr in die Tilsitstrasse, Ecke<\/p>\n","protected":false},"author":3,"featured_media":0,"comment_status":"open","ping_status":"open","sticky":false,"template":"","format":"standard","meta":{"colormag_page_container_layout":"default_layout","colormag_page_sidebar_layout":"default_layout","footnotes":""},"categories":[20],"tags":[],"class_list":["post-40624","post","type-post","status-publish","format-standard","hentry","category-besondere-neuigkeiten"],"_links":{"self":[{"href":"https:\/\/hier-luebeck.de\/index.php\/wp-json\/wp\/v2\/posts\/40624","targetHints":{"allow":["GET"]}}],"collection":[{"href":"https:\/\/hier-luebeck.de\/index.php\/wp-json\/wp\/v2\/posts"}],"about":[{"href":"https:\/\/hier-luebeck.de\/index.php\/wp-json\/wp\/v2\/types\/post"}],"author":[{"embeddable":true,"href":"https:\/\/hier-luebeck.de\/index.php\/wp-json\/wp\/v2\/users\/3"}],"replies":[{"embeddable":true,"href":"https:\/\/hier-luebeck.de\/index.php\/wp-json\/wp\/v2\/comments?post=40624"}],"version-history":[{"count":0,"href":"https:\/\/hier-luebeck.de\/index.php\/wp-json\/wp\/v2\/posts\/40624\/revisions"}],"wp:attachment":[{"href":"https:\/\/hier-luebeck.de\/index.php\/wp-json\/wp\/v2\/media?parent=40624"}],"wp:term":[{"taxonomy":"category","embeddable":true,"href":"https:\/\/hier-luebeck.de\/index.php\/wp-json\/wp\/v2\/categories?post=40624"},{"taxonomy":"post_tag","embeddable":true,"href":"https:\/\/hier-luebeck.de\/index.php\/wp-json\/wp\/v2\/tags?post=40624"}],"curies":[{"name":"wp","href":"https:\/\/api.w.org\/{rel}","templated":true}]}}