{"id":4064,"date":"2007-08-03T12:26:39","date_gmt":"2007-08-03T12:26:39","guid":{"rendered":"http:\/\/testserver\/wordpress\/?p=3964"},"modified":"2007-08-03T12:26:39","modified_gmt":"2007-08-03T12:26:39","slug":"prinz_henrik_buxtehude_gehrt_nicht_nur_zu_einem_land","status":"publish","type":"post","link":"https:\/\/hier-luebeck.de\/index.php\/prinz_henrik_buxtehude_gehrt_nicht_nur_zu_einem_land\/","title":{"rendered":"Prinz Henrik: &#8222;Buxtehude geh\u00f6rt nicht nur zu einem Land&#8220;"},"content":{"rendered":"<p><img decoding=\"async\" title=\"Luebeck Lokales\" src=\"http:\/\/www.hier-luebeck.de\/images\/topics\/LuebeckLokales.JPG\" alt=\"Lokales\" \/><br \/>\nS.K.H. Prinz Henrik, Ehegatte von I.M. Margrethe II, K\u00f6nigin von D\u00e4nemark, besuchte am Sonntag, 29. Juli 2007, die Hansestadt L\u00fcbeck. Das Presseamt der Hansestadt L\u00fcbeck fasste Eindr\u00fccke zusammen.<!--more-->Am Nachmittag reiste Prinz Henrik mit der k\u00f6niglichen Motoryacht &#8222;Dannebrog&#8220; an. Anlass des als privat deklarierten Besuches waren die Feierlichkeiten in L\u00fcbeck zum Buxtehude-Jahr. S.K.H. besichtigte die Dietrich-Buxtehude-Auststellung im St. Annen-Museum und wohnte anschlie\u00dfend im Dom zu L\u00fcbeck einem Orgelkonzert von Professor Dr. Joachim Walter mit Werken von Tunder, Buxtehude und Bach bei.<\/p>\n<p>Nicht nur als Konzertbesucher hegt D\u00e4nemarks Prinz Henrik eine gro\u00dfe Leidenschaft f\u00fcr die klassische Musik. Dies und anderes verriet er den Journalisten Frank Jung und Ina Reinhart in einem Interview bei seinem Besuch in L\u00fcbeck.<br \/>\n Frage: Sie sind als Kenner und Liebhaber klassischer Musik bekannt &#8211; dennoch ist es Ihnen nicht m\u00f6glich, an allen gro\u00dfen Komponistenjubil\u00e4en teilzunehmen. Warum legen Sie gerade Wert darauf, bei den Feierlichkeiten zum 300-j\u00e4hrigen Todestag Buxtehudes dabei zu sein?<\/p>\n<p>S.K.H. Prinz Henrik: Wir D\u00e4nen betrachten Buxtehude als wichtigen d\u00e4nischen Komponisten, deshalb finde ich es angemessen, dass die d\u00e4nische K\u00f6nigsfamilie bei den Aktivit\u00e4ten des Jubil\u00e4umsjahres vertreten ist. <br \/>\nBekannt geworden ist Buxtehude vor allem durch sein Wirken in L\u00fcbeck. Ist er mehr ein d\u00e4nischer oder deutscher Komponist?<br \/>\nDie Deutschen sehen ihn als Deutschen, die D\u00e4nen als D\u00e4nen &#8211; ich glaube, er selbst legte nicht so gro\u00dfen Wert auf eine eindeutige nationale Zuordnung. Ich denke, in der heutigen Zeit, in der wir Europa bauen, ist es gut, eine Pers\u00f6nlichkeit zu haben, die nicht nur zu einem Land geh\u00f6rt.<br \/>\nSie sind viele Jahre Vorsitzender von Europa Nostra gewesen, einer Nichtregierungsorganisation zur F\u00f6rderung von Denkmalschutz und Baukultur in <br \/>\nganz Europa. Was kann man in anderen L\u00e4ndern von L\u00fcbeck lernen, wenn es um den Erhalt historischer Bausubstanz geht?<br \/>\nMan kann L\u00fcbeck nur f\u00fcr das bewundern, was es aus seiner Bausubstanz gemacht hat &#8211; gerade, wenn man bedenkt, dass Vieles nach dem Krieg erst wiederaufgebaut werden musste. L\u00fcbeck ist ein Vorbild f\u00fcr andere.<br \/>\nSie spielen selbst Klavier auf hohem Niveau &#8211; welche Komponisten, welche Epochen sch\u00e4tzen Sie am meisten?<br \/>\nDass ich sehr gut Klavier gespielt habe, ist viele Jahre her &#8211; aber ab und zu setze ich mich immer noch gern einmal an die Tasten. Ich habe auch Orgel gespielt, unter anderem in der Schlosskapelle unserer Residenz Schloss Fredensborg und auch einmal in Notre Dame in Paris, auf der gr\u00f6\u00dften Orgel der Welt. Wenn Sie mich fragen, welche Orgelmusik ich am meisten sch\u00e4tze, dann sind das moderne franz\u00f6sische Werke. <br \/>\nHaben Sie Ihre musikalische Begabung an Ihre S\u00f6hne weitergeben k\u00f6nnen?<br \/>\nIch habe versucht, sie f\u00fcr das Klavierspiel zu begeistern &#8211; aber ohne gro\u00dfen Erfolg, muss ich sagen.<br \/>\nUnd wie sieht es mit den Enkeln aus?<br \/>\nIch werde ihren Eltern empfehlen, ihnen das Klavierspielen nahe zu bringen.<br \/>\nIhr heutiger Besuch ist bei weitem nicht Ihr erster in Schleswig-Holstein. Es gab Begegnungen mit Bundespr\u00e4sidenten in Flensburg, L\u00fcbeck und Schleswig. Vor wenigen Tagen erst sind Sie zum Ehrenbruder der St. Knudsgilde in Flensburg ernannt worden. Warum lohnt es sich f\u00fcr das d\u00e4nische K\u00f6nigshaus, immer wieder nach Schleswig-Holstein zu blicken?<br \/>\nUnsere Geschichte ist miteinander verbunden. Deshalb ist es gut, diese Erinnerungen wiederaufleben zu lassen.<br \/>\nWas au\u00dfer Buxtehude m\u00f6gen Sie an Schleswig-Holstein?<br \/>\nDie ruhige Landschaft, aber auch die vielen alten Bauten, an denen L\u00fcbeck ja so reich ist.<\/p>\n<p>Quelle: Presseamt HL<\/p>\n","protected":false},"excerpt":{"rendered":"<p>S.K.H. Prinz Henrik, Ehegatte von I.M. Margrethe II, K\u00f6nigin von D\u00e4nemark, besuchte am Sonntag, 29. Juli 2007, die Hansestadt L\u00fcbeck.<\/p>\n","protected":false},"author":292,"featured_media":0,"comment_status":"open","ping_status":"open","sticky":false,"template":"","format":"standard","meta":{"colormag_page_container_layout":"default_layout","colormag_page_sidebar_layout":"default_layout","footnotes":""},"categories":[10],"tags":[],"class_list":["post-4064","post","type-post","status-publish","format-standard","hentry","category-lubeck-lupe"],"_links":{"self":[{"href":"https:\/\/hier-luebeck.de\/index.php\/wp-json\/wp\/v2\/posts\/4064","targetHints":{"allow":["GET"]}}],"collection":[{"href":"https:\/\/hier-luebeck.de\/index.php\/wp-json\/wp\/v2\/posts"}],"about":[{"href":"https:\/\/hier-luebeck.de\/index.php\/wp-json\/wp\/v2\/types\/post"}],"author":[{"embeddable":true,"href":"https:\/\/hier-luebeck.de\/index.php\/wp-json\/wp\/v2\/users\/292"}],"replies":[{"embeddable":true,"href":"https:\/\/hier-luebeck.de\/index.php\/wp-json\/wp\/v2\/comments?post=4064"}],"version-history":[{"count":0,"href":"https:\/\/hier-luebeck.de\/index.php\/wp-json\/wp\/v2\/posts\/4064\/revisions"}],"wp:attachment":[{"href":"https:\/\/hier-luebeck.de\/index.php\/wp-json\/wp\/v2\/media?parent=4064"}],"wp:term":[{"taxonomy":"category","embeddable":true,"href":"https:\/\/hier-luebeck.de\/index.php\/wp-json\/wp\/v2\/categories?post=4064"},{"taxonomy":"post_tag","embeddable":true,"href":"https:\/\/hier-luebeck.de\/index.php\/wp-json\/wp\/v2\/tags?post=4064"}],"curies":[{"name":"wp","href":"https:\/\/api.w.org\/{rel}","templated":true}]}}