{"id":40668,"date":"2011-08-22T15:47:43","date_gmt":"2011-08-22T13:47:43","guid":{"rendered":"http:\/\/www.hier-luebeck.de\/?p=40668"},"modified":"2011-08-22T15:47:43","modified_gmt":"2011-08-22T13:47:43","slug":"kultursommer-im-charlottenhof-klanxbull-staatssekretar-maurus-wurdigt-engagement-in-der-region","status":"publish","type":"post","link":"https:\/\/hier-luebeck.de\/index.php\/kultursommer-im-charlottenhof-klanxbull-staatssekretar-maurus-wurdigt-engagement-in-der-region\/","title":{"rendered":"Kultursommer im Charlottenhof Klanxb\u00fcll: Staatssekret\u00e4r Maurus w\u00fcrdigt Engagement in der Region"},"content":{"rendered":"<p>Europa-Staatssekret\u00e4r Heinz Maurus hat den Charlottenhof in Klanxb\u00fcll (Kreis Nordfriesland) als eines der Aush\u00e4ngeschilder der Region bezeichnet. &#8222;Wo mit so viel Engagement Wirtschaft, Politik und Kultur an einem Strang ziehen, um die Zukunft der Region zu gestalten, gratuliert auch die Landesregierung gerne&#8220;, sagte Maurus heute (20. August) zum Kultursommer im Charlottenhof. Das Motto &#8222;Kunst-Strom kreative Energie&#8220; schlage eindrucksvoll einen Bogen und bringe das Zusammenspiel der Kr\u00e4fte in dieser Region besonders gut zum Ausdruck.<!--more--><\/p>\n<p>Der Charlottenhof geh\u00f6rte \u00fcber 250 Jahre zu einem gro\u00dfen landwirtschaftlichen Betrieb. Ende der 70er Jahre ging der Hof in privaten Besitz \u00fcber. 1998 entschlossen sich die Eigent\u00fcmer zu einer Schenkung an die Gemeinde Klanxb\u00fcll. Mit F\u00f6rdergeldern aus der l\u00e4ndlichen Dorf- und Regionalentwicklung entwickelte er sich zu einem Kultur- und Tagungshaus. Heute unterst\u00fctzen zahlreiche Sponsoren die Einrichtung.<\/p>\n","protected":false},"excerpt":{"rendered":"<p>Europa-Staatssekret\u00e4r Heinz Maurus hat den Charlottenhof in Klanxb\u00fcll (Kreis Nordfriesland) als eines der Aush\u00e4ngeschilder der Region bezeichnet. &#8222;Wo mit so<\/p>\n","protected":false},"author":3,"featured_media":0,"comment_status":"open","ping_status":"open","sticky":false,"template":"","format":"standard","meta":{"colormag_page_container_layout":"default_layout","colormag_page_sidebar_layout":"default_layout","footnotes":""},"categories":[5],"tags":[],"class_list":["post-40668","post","type-post","status-publish","format-standard","hentry","category-politik-wirtschaft"],"_links":{"self":[{"href":"https:\/\/hier-luebeck.de\/index.php\/wp-json\/wp\/v2\/posts\/40668","targetHints":{"allow":["GET"]}}],"collection":[{"href":"https:\/\/hier-luebeck.de\/index.php\/wp-json\/wp\/v2\/posts"}],"about":[{"href":"https:\/\/hier-luebeck.de\/index.php\/wp-json\/wp\/v2\/types\/post"}],"author":[{"embeddable":true,"href":"https:\/\/hier-luebeck.de\/index.php\/wp-json\/wp\/v2\/users\/3"}],"replies":[{"embeddable":true,"href":"https:\/\/hier-luebeck.de\/index.php\/wp-json\/wp\/v2\/comments?post=40668"}],"version-history":[{"count":0,"href":"https:\/\/hier-luebeck.de\/index.php\/wp-json\/wp\/v2\/posts\/40668\/revisions"}],"wp:attachment":[{"href":"https:\/\/hier-luebeck.de\/index.php\/wp-json\/wp\/v2\/media?parent=40668"}],"wp:term":[{"taxonomy":"category","embeddable":true,"href":"https:\/\/hier-luebeck.de\/index.php\/wp-json\/wp\/v2\/categories?post=40668"},{"taxonomy":"post_tag","embeddable":true,"href":"https:\/\/hier-luebeck.de\/index.php\/wp-json\/wp\/v2\/tags?post=40668"}],"curies":[{"name":"wp","href":"https:\/\/api.w.org\/{rel}","templated":true}]}}