{"id":40712,"date":"2011-08-22T21:10:38","date_gmt":"2011-08-22T21:10:38","guid":{"rendered":"http:\/\/www.hier-luebeck.de\/2011\/08\/pol-se-pinneberg-55jahriger-wird-seit-heute-vermisst\/"},"modified":"2011-08-22T21:10:38","modified_gmt":"2011-08-22T21:10:38","slug":"pol-se-pinneberg-55jahriger-wird-seit-heute-vermisst","status":"publish","type":"post","link":"https:\/\/hier-luebeck.de\/index.php\/pol-se-pinneberg-55jahriger-wird-seit-heute-vermisst\/","title":{"rendered":"POL-SE: Pinneberg: 55j\u00e4hriger wird seit heute vermisst"},"content":{"rendered":"<p>Pinneberg (ots) &#8211; Seit dem 22.08.2011, 13:00 Uhr, wird der  55j\u00e4hriger Lars Chargulla aus Pinneberg vermisst.     Beschreibung:     Herr Chargulla ist ca. 185 cm gro\u00df,hat eine st\u00e4mmige Figur,kurze  schwarze Haare, tr\u00e4gt eine helle Hose und ein blau-kariertes Hemd.     Herr Chargulla bedarf dringend \u00e4rztlicher Hilfe.<!--more--> Wer den  Vermissten gesehen hat oder Hinweise auf den Aufenthaltsort geben  kann, wird gebeten sich umgehend mit der Polizei \u00fcber Notruf 110 in  Verbindung zu setzen.   ots Originaltext: Polizeidirektion Bad Segeberg Digitale Pressemappe: http:\/\/www.polizeipresse.de\/p_story.htx?firmaid=19027  <\/p>\n<p>Quelle: <a href=\"http:\/\/www.presseportal.de\/polizeipresse\/pm\/19027\/2099472\/pol-se-pinneberg-55jaehriger-wird-seit-heute-vermisst\/api\" target=\"_blank\">presseportal.de<\/a><\/p>\n","protected":false},"excerpt":{"rendered":"<p>Pinneberg (ots) &#8211; Seit dem 22.08.2011, 13:00 Uhr, wird der 55j\u00e4hriger Lars Chargulla aus Pinneberg vermisst. Beschreibung: Herr Chargulla ist<\/p>\n","protected":false},"author":3,"featured_media":0,"comment_status":"open","ping_status":"open","sticky":false,"template":"","format":"standard","meta":{"colormag_page_container_layout":"default_layout","colormag_page_sidebar_layout":"default_layout","footnotes":""},"categories":[20],"tags":[],"class_list":["post-40712","post","type-post","status-publish","format-standard","hentry","category-besondere-neuigkeiten"],"_links":{"self":[{"href":"https:\/\/hier-luebeck.de\/index.php\/wp-json\/wp\/v2\/posts\/40712","targetHints":{"allow":["GET"]}}],"collection":[{"href":"https:\/\/hier-luebeck.de\/index.php\/wp-json\/wp\/v2\/posts"}],"about":[{"href":"https:\/\/hier-luebeck.de\/index.php\/wp-json\/wp\/v2\/types\/post"}],"author":[{"embeddable":true,"href":"https:\/\/hier-luebeck.de\/index.php\/wp-json\/wp\/v2\/users\/3"}],"replies":[{"embeddable":true,"href":"https:\/\/hier-luebeck.de\/index.php\/wp-json\/wp\/v2\/comments?post=40712"}],"version-history":[{"count":0,"href":"https:\/\/hier-luebeck.de\/index.php\/wp-json\/wp\/v2\/posts\/40712\/revisions"}],"wp:attachment":[{"href":"https:\/\/hier-luebeck.de\/index.php\/wp-json\/wp\/v2\/media?parent=40712"}],"wp:term":[{"taxonomy":"category","embeddable":true,"href":"https:\/\/hier-luebeck.de\/index.php\/wp-json\/wp\/v2\/categories?post=40712"},{"taxonomy":"post_tag","embeddable":true,"href":"https:\/\/hier-luebeck.de\/index.php\/wp-json\/wp\/v2\/tags?post=40712"}],"curies":[{"name":"wp","href":"https:\/\/api.w.org\/{rel}","templated":true}]}}