{"id":40719,"date":"2011-08-23T06:48:39","date_gmt":"2011-08-23T04:48:39","guid":{"rendered":"http:\/\/www.hier-luebeck.de\/?p=40719"},"modified":"2011-08-23T06:48:39","modified_gmt":"2011-08-23T04:48:39","slug":"astrid-damerow-grostmogliche-rechtssicherheit-beim-aufenthaltsrecht","status":"publish","type":"post","link":"https:\/\/hier-luebeck.de\/index.php\/astrid-damerow-grostmogliche-rechtssicherheit-beim-aufenthaltsrecht\/","title":{"rendered":"Astrid Damerow: Gr\u00f6\u00dftm\u00f6gliche Rechtssicherheit beim Aufenthaltsrecht"},"content":{"rendered":"<p>Die Sprecherin der CDU-Fraktion im Schleswig-Holsteinischen Landtag f\u00fcr Integrations- und Fl\u00fcchtlingspolitik, Astrid Damerow, ist pers\u00f6nlich von Justizminister Emil Schmalfu\u00df \u00fcber dessen Vorsto\u00df f\u00fcr eine \u00c4nderung des Aufenthaltsrechts in Kenntnis gesetzt worden: <!--more--><\/p>\n<p>\u201eDie CDU-Fraktion hat bereits in der parlamentarischen Sommerpause deutlich gemacht, dass im Hinblick auf so genannte Kettenduldungen Handlungsbedarf gesehen wird\u201c, erkl\u00e4rte Damerow in Kiel.<\/p>\n<p>Der Vorschlag des Justizministers werde nun in der Fraktion und den zust\u00e4ndigen Gremien zu diskutieren sein. Angesichts der hohen Sensibilit\u00e4t des Themas m\u00fcssten \u00c4nderungen im Aufenthaltsrecht sorgsam abgewogen werden.<\/p>\n<p>\u201eNicht nur der Fall Tigran hat gezeigt, wie sehr dieses Thema die Menschen bewegt. Beim Aufenthaltsrecht brauchen wir gr\u00f6\u00dftm\u00f6gliche Rechtssicherheit\u201c, so Damerow abschlie\u00dfend.<\/p>\n","protected":false},"excerpt":{"rendered":"<p>Die Sprecherin der CDU-Fraktion im Schleswig-Holsteinischen Landtag f\u00fcr Integrations- und Fl\u00fcchtlingspolitik, Astrid Damerow, ist pers\u00f6nlich von Justizminister Emil Schmalfu\u00df \u00fcber<\/p>\n","protected":false},"author":3,"featured_media":0,"comment_status":"open","ping_status":"open","sticky":false,"template":"","format":"standard","meta":{"colormag_page_container_layout":"default_layout","colormag_page_sidebar_layout":"default_layout","footnotes":""},"categories":[5],"tags":[],"class_list":["post-40719","post","type-post","status-publish","format-standard","hentry","category-politik-wirtschaft"],"_links":{"self":[{"href":"https:\/\/hier-luebeck.de\/index.php\/wp-json\/wp\/v2\/posts\/40719","targetHints":{"allow":["GET"]}}],"collection":[{"href":"https:\/\/hier-luebeck.de\/index.php\/wp-json\/wp\/v2\/posts"}],"about":[{"href":"https:\/\/hier-luebeck.de\/index.php\/wp-json\/wp\/v2\/types\/post"}],"author":[{"embeddable":true,"href":"https:\/\/hier-luebeck.de\/index.php\/wp-json\/wp\/v2\/users\/3"}],"replies":[{"embeddable":true,"href":"https:\/\/hier-luebeck.de\/index.php\/wp-json\/wp\/v2\/comments?post=40719"}],"version-history":[{"count":0,"href":"https:\/\/hier-luebeck.de\/index.php\/wp-json\/wp\/v2\/posts\/40719\/revisions"}],"wp:attachment":[{"href":"https:\/\/hier-luebeck.de\/index.php\/wp-json\/wp\/v2\/media?parent=40719"}],"wp:term":[{"taxonomy":"category","embeddable":true,"href":"https:\/\/hier-luebeck.de\/index.php\/wp-json\/wp\/v2\/categories?post=40719"},{"taxonomy":"post_tag","embeddable":true,"href":"https:\/\/hier-luebeck.de\/index.php\/wp-json\/wp\/v2\/tags?post=40719"}],"curies":[{"name":"wp","href":"https:\/\/api.w.org\/{rel}","templated":true}]}}