{"id":40723,"date":"2011-08-23T07:02:45","date_gmt":"2011-08-23T05:02:45","guid":{"rendered":"http:\/\/www.hier-luebeck.de\/?p=40723"},"modified":"2011-08-23T07:02:45","modified_gmt":"2011-08-23T05:02:45","slug":"die-lubecker-spd-landtagsabgeordneten-wolfgang-baasch-und-hans-muller-haben-das-pflegezentrum-travemunder-allee-pzta-besucht","status":"publish","type":"post","link":"https:\/\/hier-luebeck.de\/index.php\/die-lubecker-spd-landtagsabgeordneten-wolfgang-baasch-und-hans-muller-haben-das-pflegezentrum-travemunder-allee-pzta-besucht\/","title":{"rendered":"Die L\u00fcbecker SPD-Landtagsabgeordneten Wolfgang Baasch und Hans M\u00fcller haben das PflegeZentrum Travem\u00fcnder Allee (PZTA) besucht."},"content":{"rendered":"<p>Foto: Arno Reimann<\/p>\n<p>Sie folgten einer Einladung des Nazareth Vereins, der in diesem Jahr sein 40j\u00e4hriges Bestehen feiert. Der Verein ist Tr\u00e4ger des PZTA, in dem zur Zeit fast 200 Menschen betreut werden.<\/p>\n<p>Die Diskussion um die Pflege m\u00fcsse aus der dunklen Ecke geholt werden. Die positiven Aspekte und die Bedeutung der Pflege sollten betont werden, sagten die beiden Politiker. \u201eOptimale Pflege kostet Geld und erfordert die Bereitschaft aller, die Lasten zu tragen\u201c, sagte Wolfgang Baasch.  \u201eDie Solidarit\u00e4t betrifft die Sozialpartner gleicherma\u00dfen. Sie kann nicht nur von den Arbeitnehmern eingefordert werden\u201c, so Hans M\u00fcller.<!--more--><br \/>\nFachkr\u00e4fte in der Pflege m\u00fcssten auch wie Fachkr\u00e4fte bezahlt werden. Das Berufsbild m\u00fcsse offen und transparent neu gestaltet werden, forderte Baasch, der seit 1997 sozialpolitischer Sprecher der SPD-Landtagsfraktion ist.<br \/>\nReinhard Gra\u00df, Vorsitzender des gemeinn\u00fctzigen Nazareth Vereins seit 24 Jahren,  ging auf die Betriebsvereinbarung im PZTA ein. Die einvernehmlichen Regelungen mit dem Betriebsrat zum Entgeltsystem und zur Arbeitszeitregelung seien im PflegeZentrum Travem\u00fcnder Allee S\u00e4ulen des Erfolges. \u201eGrundidee war dabei das Prinzip der Selbstorganisation und Selbststeuerung unserer derzeit 110 Mitarbeiter\u201c, sagte Gra\u00df.<br \/>\n\u201eGeborgenheit gibt ein Zuhause\u201c, sagte PZTA-Gesch\u00e4ftsleiterin Antje Roepke. Und nach diesem Motto der Einrichtung bem\u00fche man sich um jeden; niemand werde aufgrund seiner sozialen Herkunft ausgegrenzt.<br \/>\nBaasch und M\u00fcller zeigten sich bei ihrem mehrst\u00fcndigen Besuch beeindruckt von dem Angebot in den drei H\u00e4usern des PZTA und den Spezialbereichen in der Villa Travem\u00fcnde f\u00fcr Menschen mit Demenz und f\u00fcr Menschen mit psychiatrischen Auff\u00e4lligkeiten.<\/p>\n","protected":false},"excerpt":{"rendered":"<p>Foto: Arno Reimann Sie folgten einer Einladung des Nazareth Vereins, der in diesem Jahr sein 40j\u00e4hriges Bestehen feiert. Der Verein<\/p>\n","protected":false},"author":3,"featured_media":0,"comment_status":"open","ping_status":"open","sticky":false,"template":"","format":"standard","meta":{"colormag_page_container_layout":"default_layout","colormag_page_sidebar_layout":"default_layout","footnotes":""},"categories":[5],"tags":[],"class_list":["post-40723","post","type-post","status-publish","format-standard","hentry","category-politik-wirtschaft"],"_links":{"self":[{"href":"https:\/\/hier-luebeck.de\/index.php\/wp-json\/wp\/v2\/posts\/40723","targetHints":{"allow":["GET"]}}],"collection":[{"href":"https:\/\/hier-luebeck.de\/index.php\/wp-json\/wp\/v2\/posts"}],"about":[{"href":"https:\/\/hier-luebeck.de\/index.php\/wp-json\/wp\/v2\/types\/post"}],"author":[{"embeddable":true,"href":"https:\/\/hier-luebeck.de\/index.php\/wp-json\/wp\/v2\/users\/3"}],"replies":[{"embeddable":true,"href":"https:\/\/hier-luebeck.de\/index.php\/wp-json\/wp\/v2\/comments?post=40723"}],"version-history":[{"count":0,"href":"https:\/\/hier-luebeck.de\/index.php\/wp-json\/wp\/v2\/posts\/40723\/revisions"}],"wp:attachment":[{"href":"https:\/\/hier-luebeck.de\/index.php\/wp-json\/wp\/v2\/media?parent=40723"}],"wp:term":[{"taxonomy":"category","embeddable":true,"href":"https:\/\/hier-luebeck.de\/index.php\/wp-json\/wp\/v2\/categories?post=40723"},{"taxonomy":"post_tag","embeddable":true,"href":"https:\/\/hier-luebeck.de\/index.php\/wp-json\/wp\/v2\/tags?post=40723"}],"curies":[{"name":"wp","href":"https:\/\/api.w.org\/{rel}","templated":true}]}}