{"id":40726,"date":"2011-08-23T07:09:59","date_gmt":"2011-08-23T05:09:59","guid":{"rendered":"http:\/\/www.hier-luebeck.de\/?p=40726"},"modified":"2011-08-23T07:09:59","modified_gmt":"2011-08-23T05:09:59","slug":"fiesta-mexikana-zum-abschluss-des-sommer-specials-mit-dem-trio-mariachi-los-amigos-am-mittwoch-24-08-2011-ab-19-00-uhr-in-edgars-hafenrestaurant","status":"publish","type":"post","link":"https:\/\/hier-luebeck.de\/index.php\/fiesta-mexikana-zum-abschluss-des-sommer-specials-mit-dem-trio-mariachi-los-amigos-am-mittwoch-24-08-2011-ab-19-00-uhr-in-edgars-hafenrestaurant\/","title":{"rendered":"&#8222;Fiesta Mexikana&#8220; zum Abschluss des Sommer Specials mit dem Trio Mariachi Los Amigos am Mittwoch, 24.08.2011 ab 19.00 Uhr in Edgars Hafenrestaurant"},"content":{"rendered":"<p>Zum Abschluss der Veranstaltungsserie Sommer Specials in Edgars Hafenrestaurant &amp; Bar, hei\u00dft es &#8222;Fiesta Mexikana&#8220; mit dem original &#8222;Trio Mariachi Los Amigos&#8220;.<!--more--><br \/>\nDie 3 geb\u00fcrtigen Mexikaner, werden mit den G\u00e4sten bei hei\u00dfen mexikanischen Rhythmen und Titeln wie &#8222;Guantanamera&#8220; oder &#8222;Volare&#8220; den Abschluss des Sommer Specials auf der Terrasse (bei schlechtem Wetter im Restaurant) von Edgars Hafenrestaurant &amp; Bar im Travem\u00fcnder Fischereihafen geb\u00fchrend feiern.<br \/>\nDer Eintritt ist wie bei den vorherigen Terminen frei!<br \/>\nEine Tischreservierung unter der Telefonnummer: 04502 -7888 308 ist empfehlenswert!!<\/p>\n<p>Edgars Hafenrestaurant &amp; Bar  ist die neue Adresse in Travem\u00fcnde f\u00fcr gehobene Gastlichkeit und Erlebnisgastronomie.<\/p>\n<p><a rel=\"attachment wp-att-40728\" href=\"http:\/\/www.hier-luebeck.de\/2011\/08\/fiesta-mexikana-zum-abschluss-des-sommer-specials-mit-dem-trio-mariachi-los-amigos-am-mittwoch-24-08-2011-ab-19-00-uhr-in-edgars-hafenrestaurant\/trio-mariachi-los-amigos-foto-parker-events\/\"><img loading=\"lazy\" decoding=\"async\" class=\"alignleft size-full wp-image-40728\" title=\"Trio Mariachi Los Amigos Foto Parker Events\" src=\"http:\/\/www.hier-luebeck.de\/wp-content\/uploads\/2011\/08\/Trio-Mariachi-Los-Amigos-Foto-Parker-Events.jpg\" alt=\"\" width=\"353\" height=\"500\" srcset=\"https:\/\/hier-luebeck.de\/wp-content\/uploads\/2011\/08\/Trio-Mariachi-Los-Amigos-Foto-Parker-Events.jpg 353w, https:\/\/hier-luebeck.de\/wp-content\/uploads\/2011\/08\/Trio-Mariachi-Los-Amigos-Foto-Parker-Events-225x320.jpg 225w, https:\/\/hier-luebeck.de\/wp-content\/uploads\/2011\/08\/Trio-Mariachi-Los-Amigos-Foto-Parker-Events-240x340.jpg 240w\" sizes=\"auto, (max-width: 353px) 100vw, 353px\" \/><\/a><\/p>\n","protected":false},"excerpt":{"rendered":"<p>Zum Abschluss der Veranstaltungsserie Sommer Specials in Edgars Hafenrestaurant &amp; Bar, hei\u00dft es &#8222;Fiesta Mexikana&#8220; mit dem original &#8222;Trio Mariachi<\/p>\n","protected":false},"author":3,"featured_media":0,"comment_status":"open","ping_status":"open","sticky":false,"template":"","format":"standard","meta":{"colormag_page_container_layout":"default_layout","colormag_page_sidebar_layout":"default_layout","footnotes":""},"categories":[13],"tags":[],"class_list":["post-40726","post","type-post","status-publish","format-standard","hentry","category-veranstaltungen"],"_links":{"self":[{"href":"https:\/\/hier-luebeck.de\/index.php\/wp-json\/wp\/v2\/posts\/40726","targetHints":{"allow":["GET"]}}],"collection":[{"href":"https:\/\/hier-luebeck.de\/index.php\/wp-json\/wp\/v2\/posts"}],"about":[{"href":"https:\/\/hier-luebeck.de\/index.php\/wp-json\/wp\/v2\/types\/post"}],"author":[{"embeddable":true,"href":"https:\/\/hier-luebeck.de\/index.php\/wp-json\/wp\/v2\/users\/3"}],"replies":[{"embeddable":true,"href":"https:\/\/hier-luebeck.de\/index.php\/wp-json\/wp\/v2\/comments?post=40726"}],"version-history":[{"count":0,"href":"https:\/\/hier-luebeck.de\/index.php\/wp-json\/wp\/v2\/posts\/40726\/revisions"}],"wp:attachment":[{"href":"https:\/\/hier-luebeck.de\/index.php\/wp-json\/wp\/v2\/media?parent=40726"}],"wp:term":[{"taxonomy":"category","embeddable":true,"href":"https:\/\/hier-luebeck.de\/index.php\/wp-json\/wp\/v2\/categories?post=40726"},{"taxonomy":"post_tag","embeddable":true,"href":"https:\/\/hier-luebeck.de\/index.php\/wp-json\/wp\/v2\/tags?post=40726"}],"curies":[{"name":"wp","href":"https:\/\/api.w.org\/{rel}","templated":true}]}}