{"id":40731,"date":"2011-08-23T07:11:38","date_gmt":"2011-08-23T05:11:38","guid":{"rendered":"http:\/\/www.hier-luebeck.de\/?p=40731"},"modified":"2011-08-23T07:11:38","modified_gmt":"2011-08-23T05:11:38","slug":"wo-bleibt-ihr-konzept-fur-den-flughafen-herr-saxe","status":"publish","type":"post","link":"https:\/\/hier-luebeck.de\/index.php\/wo-bleibt-ihr-konzept-fur-den-flughafen-herr-saxe\/","title":{"rendered":"Wo bleibt Ihr Konzept f\u00fcr den Flughafen, Herr Saxe?"},"content":{"rendered":"<p>Der Kandidat von B\u00fcndnis 90 \/ Die Gr\u00fcnen f\u00fcr das Amt des B\u00fcrgermeisters der Hansestadt L\u00fcbeck kritisiert B\u00fcrgermeister Bernd Saxe, weil aktuell weitere Millioneninvestitionen am Flughafen L\u00fcbeck vorgenommen werden, aber ein Konzept f\u00fcr den Flughafen nicht vorliegt.<\/p>\n<p>Thorsten F\u00fcrter erkl\u00e4rt:<!--more--><\/p>\n<p>\u201cWenn der Aufsichtsrat des Flughafens am Donnerstag die aktuellen verheerenden Wirtschaftsdaten diskutiert, erwarte ich von B\u00fcrgermeister Bernd Saxe, dass er dort endlich Farbe bekennt. Er muss seine Pl\u00e4ne, wie er weiteren Schaden von der Stadtkasse abwenden will, zur Diskussion der Aufsichtsr\u00e4te stellen.<\/p>\n<p>Das aktuelle Konzept f\u00fcr den Flughafen ist Saxes Take-Off-Konzept aus dem Dezember 2009. Mit diesem Konzept hat B\u00fcrgermeister Saxe eine grandiose Bruchlandung hingelegt. Daf\u00fcr spricht nicht nur das prognostizierte Defizit von 6,5 Millionen f\u00fcr Stadt im Jahr 2011.<\/p>\n<p>Im Take-Off-Konzept hatte Saxe sich folgende Zahlen zusammengereimt: Im Jahr 2011 sollten \u00fcber 1,3 Millionen Passagiere ab Blankensee fliegen. In Wahrheit wird jetzt nicht einmal ein Viertel dieser Passagiere erreicht. Im Jahr 2012 sollte diese Zahl laut Konzept auf \u00fcber 1,7 Millionen gesteigert werden. Nach Plan im Take-Off-Konzept war trotzdem noch zu einem Defizit von knapp einer Million f\u00fcr die Stadtkasse vorgesehen. Gar nicht auszudenken, zu was f\u00fcr einem Defizit die aktuelle Entwicklung tats\u00e4chlich f\u00fchren wird. Ein Defizit, das am Ende die L\u00fcbeckerinnen und L\u00fcbecker zu tragen haben.<\/p>\n<p>Mein Eindruck ist, dass B\u00fcrgermeister Saxe sich jetzt bis zur Wahl im November beim Thema Flughafen durchwurschteln will und eine ehrliche Debatte \u00fcber die Zukunft des Flughafens verweigert. Das werden wir nicht durchgehen lassen. Inzwischen hagelt es in allen Medien Berichte, dass die Billigflugkonzepte an Regionalflugh\u00e4fen nicht aufgehen. Provinzf\u00fcrsten ohne Gesp\u00fcr f\u00fcr wirtschaftliche Zusammenh\u00e4nge sind europaweit die Opfer einer geschickten Gech\u00e4ftsstrategie von Low-Cost-Carriern. Dass B\u00fcrgermeister Saxe das nicht zur Kenntnis nehmen will, grenzt an Realit\u00e4tsverweigerung.  Er ist jetzt gefordert, Schaden von der Stadt abzuwenden.<\/p>\n","protected":false},"excerpt":{"rendered":"<p>Der Kandidat von B\u00fcndnis 90 \/ Die Gr\u00fcnen f\u00fcr das Amt des B\u00fcrgermeisters der Hansestadt L\u00fcbeck kritisiert B\u00fcrgermeister Bernd Saxe,<\/p>\n","protected":false},"author":3,"featured_media":0,"comment_status":"open","ping_status":"open","sticky":false,"template":"","format":"standard","meta":{"colormag_page_container_layout":"default_layout","colormag_page_sidebar_layout":"default_layout","footnotes":""},"categories":[5],"tags":[],"class_list":["post-40731","post","type-post","status-publish","format-standard","hentry","category-politik-wirtschaft"],"_links":{"self":[{"href":"https:\/\/hier-luebeck.de\/index.php\/wp-json\/wp\/v2\/posts\/40731","targetHints":{"allow":["GET"]}}],"collection":[{"href":"https:\/\/hier-luebeck.de\/index.php\/wp-json\/wp\/v2\/posts"}],"about":[{"href":"https:\/\/hier-luebeck.de\/index.php\/wp-json\/wp\/v2\/types\/post"}],"author":[{"embeddable":true,"href":"https:\/\/hier-luebeck.de\/index.php\/wp-json\/wp\/v2\/users\/3"}],"replies":[{"embeddable":true,"href":"https:\/\/hier-luebeck.de\/index.php\/wp-json\/wp\/v2\/comments?post=40731"}],"version-history":[{"count":0,"href":"https:\/\/hier-luebeck.de\/index.php\/wp-json\/wp\/v2\/posts\/40731\/revisions"}],"wp:attachment":[{"href":"https:\/\/hier-luebeck.de\/index.php\/wp-json\/wp\/v2\/media?parent=40731"}],"wp:term":[{"taxonomy":"category","embeddable":true,"href":"https:\/\/hier-luebeck.de\/index.php\/wp-json\/wp\/v2\/categories?post=40731"},{"taxonomy":"post_tag","embeddable":true,"href":"https:\/\/hier-luebeck.de\/index.php\/wp-json\/wp\/v2\/tags?post=40731"}],"curies":[{"name":"wp","href":"https:\/\/api.w.org\/{rel}","templated":true}]}}