{"id":40819,"date":"2011-08-24T10:39:34","date_gmt":"2011-08-24T08:39:34","guid":{"rendered":"http:\/\/www.hier-luebeck.de\/?p=40819"},"modified":"2011-08-24T10:39:34","modified_gmt":"2011-08-24T08:39:34","slug":"orgelkonzert-in-st-marien","status":"publish","type":"post","link":"https:\/\/hier-luebeck.de\/index.php\/orgelkonzert-in-st-marien\/","title":{"rendered":"Orgelkonzert in St. Marien"},"content":{"rendered":"<p>Das letzte Orgelkonzert in St. Marien im Rahmen des L\u00fcbecker Orgelsommers 2011 findet am Donnerstag, den 25. August um 19 Uhr statt. Marienorganist Johannes Unger spielt Werke von Bach, Petr Eben und Messiaen. Unter dem Motto \u201eWider die Finsternis\u201c hat der Organist Werke zusammengestellt, die Licht und Finsternis zum Thema haben.<!--more--> So zum Beispiel Messiaens \u201eT\u00e9n\u00e8bres\u201c oder die Variationen \u00fcber den Choral \u201eChrist, der du bist der helle Tag\u201c von Johann Sebastian Bach. Petr Ebens Finale aus der \u201eSonntagsmusik\u201c beschlie\u00dft das Konzert. Das Werk ist eine Reaktion auf die politischen Zust\u00e4nde in der Tschechoslowakei in den f\u00fcnfziger Jahren; ein Aufruf gegen die Finsternis jener Zeit.<\/p>\n<p>Karten zu diesem Konzert erhalten Sie an der Abendkasse und im Haus Weiland zu 10 Euro und erm\u00e4\u00dfigt 8,- Euro<\/p>\n","protected":false},"excerpt":{"rendered":"<p>Das letzte Orgelkonzert in St. Marien im Rahmen des L\u00fcbecker Orgelsommers 2011 findet am Donnerstag, den 25. August um 19<\/p>\n","protected":false},"author":3,"featured_media":0,"comment_status":"open","ping_status":"open","sticky":false,"template":"","format":"standard","meta":{"colormag_page_container_layout":"default_layout","colormag_page_sidebar_layout":"default_layout","footnotes":""},"categories":[13],"tags":[],"class_list":["post-40819","post","type-post","status-publish","format-standard","hentry","category-veranstaltungen"],"_links":{"self":[{"href":"https:\/\/hier-luebeck.de\/index.php\/wp-json\/wp\/v2\/posts\/40819","targetHints":{"allow":["GET"]}}],"collection":[{"href":"https:\/\/hier-luebeck.de\/index.php\/wp-json\/wp\/v2\/posts"}],"about":[{"href":"https:\/\/hier-luebeck.de\/index.php\/wp-json\/wp\/v2\/types\/post"}],"author":[{"embeddable":true,"href":"https:\/\/hier-luebeck.de\/index.php\/wp-json\/wp\/v2\/users\/3"}],"replies":[{"embeddable":true,"href":"https:\/\/hier-luebeck.de\/index.php\/wp-json\/wp\/v2\/comments?post=40819"}],"version-history":[{"count":0,"href":"https:\/\/hier-luebeck.de\/index.php\/wp-json\/wp\/v2\/posts\/40819\/revisions"}],"wp:attachment":[{"href":"https:\/\/hier-luebeck.de\/index.php\/wp-json\/wp\/v2\/media?parent=40819"}],"wp:term":[{"taxonomy":"category","embeddable":true,"href":"https:\/\/hier-luebeck.de\/index.php\/wp-json\/wp\/v2\/categories?post=40819"},{"taxonomy":"post_tag","embeddable":true,"href":"https:\/\/hier-luebeck.de\/index.php\/wp-json\/wp\/v2\/tags?post=40819"}],"curies":[{"name":"wp","href":"https:\/\/api.w.org\/{rel}","templated":true}]}}