{"id":40825,"date":"2011-08-24T11:23:37","date_gmt":"2011-08-24T09:23:37","guid":{"rendered":"http:\/\/www.hier-luebeck.de\/?p=40825"},"modified":"2011-08-24T11:23:37","modified_gmt":"2011-08-24T09:23:37","slug":"liederabend-zur-edvard-munch-ausstellung","status":"publish","type":"post","link":"https:\/\/hier-luebeck.de\/index.php\/liederabend-zur-edvard-munch-ausstellung\/","title":{"rendered":"Liederabend  zur Edvard Munch-Ausstellung"},"content":{"rendered":"<p><a rel=\"attachment wp-att-40826\" href=\"http:\/\/www.hier-luebeck.de\/2011\/08\/liederabend-zur-edvard-munch-ausstellung\/foto-bokelmann-kamphuis\/\"><img loading=\"lazy\" decoding=\"async\" class=\"alignleft size-medium wp-image-40826\" title=\"Foto Bokelmann Kamphuis\" src=\"http:\/\/www.hier-luebeck.de\/wp-content\/uploads\/2011\/08\/Foto-Bokelmann-Kamphuis-213x320.jpg\" alt=\"\" width=\"213\" height=\"320\" srcset=\"https:\/\/hier-luebeck.de\/wp-content\/uploads\/2011\/08\/Foto-Bokelmann-Kamphuis-213x320.jpg 213w, https:\/\/hier-luebeck.de\/wp-content\/uploads\/2011\/08\/Foto-Bokelmann-Kamphuis-227x340.jpg 227w, https:\/\/hier-luebeck.de\/wp-content\/uploads\/2011\/08\/Foto-Bokelmann-Kamphuis.jpg 334w\" sizes=\"auto, (max-width: 213px) 100vw, 213px\" \/><\/a>Samstag, 3. September 2011, 20 Uhr<br \/>\nMuseum Behnhaus Dr\u00e4gerhaus, L\u00fcbeck<\/p>\n<p>Zur Sonderausstellung \u201eEdvard Munch. Holzschnitte\u201c wartet das Museum Behnhaus Dr\u00e4gerhaus am Samstag, den 3. September, mit einem Liederabend zweier hochkar\u00e4tiger Musikerinnen auf. Munchs Themen Liebe und Einsamkeit, Verzweiflung und Hoffung aufgreifend, spielen Judith Kamphues (Gesang) und Lisa Bokelmann (Klavier) Werke von Edvard Grieg, Alban Berg, Alberto Ginestera und Jean Sibelius.<!--more--><br \/>\nJudith Kamphues studierte an der Musikhochschule L\u00fcbeck B\u00fchnen- und Konzertgesang und an der Hochschule der K\u00fcnste in Berlin Gesang und Musiktheater. Es folgten Engagements am Theater L\u00fcbeck, am Hamburger Thalia Theater, am Hebbel Theater Berlin und an der Komischen Oper Berlin. Von 2001 bis 2009 hatte sie einen Lehrauftrag f\u00fcr Gesang an der Musikhochschule L\u00fcbeck und ist seit 2009 an der Universit\u00e4t der K\u00fcnste in Berlin t\u00e4tig.<br \/>\nDie Mezzosopranistin ist bekannt durch internationale Konzertauftritte u.a. mit Vladimir Jurowsky, Martin Haselboeck, Marcus Creed, Friedhelm D\u00f6hl, Andreas Homoki, den Berliner Philharmonikern, den Hamburger Symphonikern dem Rias-Kammerchor und dem Bach-Chor Berlin.<br \/>\nDie kanadische Pianistin Lisa Bokelmann wurde fr\u00fch als musikalische Begabung entdeckt und erhielt bereits im Alter von f\u00fcnf Jahren Unterricht bei Mary Moore an der University of Edingbourgh. Sie studierte an der Memorial University of Newfoundland, der Guildhall School of Music and Drama (London) und absolvierte den Master of piano performance an der Universit\u00e9 de Montr\u00e9al. Seit 1991 ist Lisa Bokelmann als Konzertpianistin und Begleiterin t\u00e4tig, u.a. in Z\u00fcrich, Basel, Berlin, Hamburg, Baden Baden und St. Moritz.<br \/>\nDer Liederabend in der Behnhaus-Diele beginnt um 20 Uhr. Karten sind ab sofort an der Museumskasse zum Preis von 14 Euro\/10 Euro erh\u00e4ltlich.<\/p>\n<p>LIEDERABEND 3.9.2011<\/p>\n<p>Judith Kamphues, Mezzosopran<br \/>\nLisa Bokelmann, Klavier<\/p>\n<p>Edvard Grieg\t\tLetzter Fr\u00fchling op.33\/2<br \/>\nDie verschwiegene Nachtigall op.48\/4<br \/>\nSolvejgs Lied op. 23<\/p>\n<p>Alban Berg\t\tSieben Fr\u00fche Lieder<\/p>\n<p>Nacht<br \/>\nSchilflied<br \/>\nDie Nachtigall<br \/>\nTraumgekr\u00f6nt<br \/>\nIm Zimmer<br \/>\nLiebesode<br \/>\nSommertage<\/p>\n<p>Alberto Ginestera\tSonata No.1 Op.22<br \/>\nAllegro marcato<br \/>\nPresto misterioso<br \/>\nAdagio molto appassionato<br \/>\nRuvido ed ostinato<\/p>\n<p>PAUSE<\/p>\n<p>Jean Sibelius: \t \tKusses Hoffnung  op. 13 nr. 2<br \/>\nFr\u00fchling schwindet eilig op. 13 nr. 4<br \/>\nAn den Abend op. 17 nr. 6<br \/>\nSchilfrohr s\u00e4usle op. 36 nr. 4<\/p>\n<p>Edvard Grieg:<\/p>\n<p>Zur Rosenzeit op. 48\/5<br \/>\nEros op.70\/1<br \/>\nDer J\u00e4ger EG 157<\/p>\n<p>Jean Sibelius:<br \/>\nDiamant im M\u00e4rzschnee op.36 nr. 6<br \/>\nDer erste Kuss op.37 Nr. 1\t \t \t\t\t\t\t\t\tM\u00e4dchen kam vom Stelldichein op. 37 Nr. 5<br \/>\nSchwarze Rosen op. 36 nr. 1<\/p>\n","protected":false},"excerpt":{"rendered":"<p>Samstag, 3. September 2011, 20 Uhr Museum Behnhaus Dr\u00e4gerhaus, L\u00fcbeck Zur Sonderausstellung \u201eEdvard Munch. Holzschnitte\u201c wartet das Museum Behnhaus Dr\u00e4gerhaus<\/p>\n","protected":false},"author":3,"featured_media":0,"comment_status":"open","ping_status":"open","sticky":false,"template":"","format":"standard","meta":{"colormag_page_container_layout":"default_layout","colormag_page_sidebar_layout":"default_layout","footnotes":""},"categories":[13],"tags":[],"class_list":["post-40825","post","type-post","status-publish","format-standard","hentry","category-veranstaltungen"],"_links":{"self":[{"href":"https:\/\/hier-luebeck.de\/index.php\/wp-json\/wp\/v2\/posts\/40825","targetHints":{"allow":["GET"]}}],"collection":[{"href":"https:\/\/hier-luebeck.de\/index.php\/wp-json\/wp\/v2\/posts"}],"about":[{"href":"https:\/\/hier-luebeck.de\/index.php\/wp-json\/wp\/v2\/types\/post"}],"author":[{"embeddable":true,"href":"https:\/\/hier-luebeck.de\/index.php\/wp-json\/wp\/v2\/users\/3"}],"replies":[{"embeddable":true,"href":"https:\/\/hier-luebeck.de\/index.php\/wp-json\/wp\/v2\/comments?post=40825"}],"version-history":[{"count":0,"href":"https:\/\/hier-luebeck.de\/index.php\/wp-json\/wp\/v2\/posts\/40825\/revisions"}],"wp:attachment":[{"href":"https:\/\/hier-luebeck.de\/index.php\/wp-json\/wp\/v2\/media?parent=40825"}],"wp:term":[{"taxonomy":"category","embeddable":true,"href":"https:\/\/hier-luebeck.de\/index.php\/wp-json\/wp\/v2\/categories?post=40825"},{"taxonomy":"post_tag","embeddable":true,"href":"https:\/\/hier-luebeck.de\/index.php\/wp-json\/wp\/v2\/tags?post=40825"}],"curies":[{"name":"wp","href":"https:\/\/api.w.org\/{rel}","templated":true}]}}