{"id":40842,"date":"2011-08-24T11:44:00","date_gmt":"2011-08-24T09:44:00","guid":{"rendered":"http:\/\/www.hier-luebeck.de\/?p=40842"},"modified":"2011-08-24T11:44:00","modified_gmt":"2011-08-24T09:44:00","slug":"mehr-realismus-bei-verkehrsinvestitionen","status":"publish","type":"post","link":"https:\/\/hier-luebeck.de\/index.php\/mehr-realismus-bei-verkehrsinvestitionen\/","title":{"rendered":"Mehr Realismus bei Verkehrsinvestitionen"},"content":{"rendered":"<p>Valerie Wilms, Sprecherin f\u00fcr Bahnpolitik in der gr\u00fcnen Bundestagsfraktion, fordert die CDU zu mehr Realismus in der Verkehrspolitik auf. &#8222;Eine  Milliarde mehr f\u00fcr den Verkehr im Norden zu fordern ist absolut illusorisch&#8220; sagt die Bundestagsabgeordnete zu k\u00fcrzlich ge\u00e4u\u00dferten Investitionsw\u00fcnschen aus der CDU. &#8222;Wir brauchen uns nur den v\u00f6llig \u00fcberzeichneten Bundesverkehrswegeplan anzusehen. Es ist absolut klar, dass wir das niemals umsetzen k\u00f6nnen.&#8220; <!--more--><\/p>\n<p>Nach Angaben von Wilms sind gegen\u00fcber den vorhandenen Haushaltsmitteln etwa drei- bis viermal so viele Projekte im gesamten Bundesgebiet vorgesehen. Mit dem Einsetzen der Schuldenbremse und weiteren bereits fest vorgesehenen Einsparungen im Verkehrshaushalt gebe es kaum noch Spielraum. Dazu k\u00e4men fragw\u00fcrdige Projekte wie Stuttgart 21, in die bei Realisierung etwa 70 Prozent der Mittel flie\u00dfen w\u00fcrden.<\/p>\n<p>&#8222;Im Prinzip kann es nur noch um den Erhalt bestehender Infrastruktur gehen. Wer mehr verspricht, muss auch gleich den Einsparungsvorschlag mitbringen&#8220;, kritisiert die Verkehrspolitikerin. Sie selbst macht einen konkreten Vorschlag: So k\u00f6nnte die dringend notwendige Schleuse in Brunsb\u00fcttel aus den Mitteln der Elbvertiefung umgewidmet werden. &#8222;Mit der neuen Elbvertiefung hinken wir der Entwicklung der Schiffe hinterher. Beim Nord-Ostsee-Kanal k\u00f6nnen wir dagegen klimapolitische Akzente setzen, da die Schiffe sich den Umweg um D\u00e4nemark sparen.&#8220;<\/p>\n","protected":false},"excerpt":{"rendered":"<p>Valerie Wilms, Sprecherin f\u00fcr Bahnpolitik in der gr\u00fcnen Bundestagsfraktion, fordert die CDU zu mehr Realismus in der Verkehrspolitik auf. &#8222;Eine<\/p>\n","protected":false},"author":3,"featured_media":0,"comment_status":"open","ping_status":"open","sticky":false,"template":"","format":"standard","meta":{"colormag_page_container_layout":"default_layout","colormag_page_sidebar_layout":"default_layout","footnotes":""},"categories":[20],"tags":[],"class_list":["post-40842","post","type-post","status-publish","format-standard","hentry","category-besondere-neuigkeiten"],"_links":{"self":[{"href":"https:\/\/hier-luebeck.de\/index.php\/wp-json\/wp\/v2\/posts\/40842","targetHints":{"allow":["GET"]}}],"collection":[{"href":"https:\/\/hier-luebeck.de\/index.php\/wp-json\/wp\/v2\/posts"}],"about":[{"href":"https:\/\/hier-luebeck.de\/index.php\/wp-json\/wp\/v2\/types\/post"}],"author":[{"embeddable":true,"href":"https:\/\/hier-luebeck.de\/index.php\/wp-json\/wp\/v2\/users\/3"}],"replies":[{"embeddable":true,"href":"https:\/\/hier-luebeck.de\/index.php\/wp-json\/wp\/v2\/comments?post=40842"}],"version-history":[{"count":0,"href":"https:\/\/hier-luebeck.de\/index.php\/wp-json\/wp\/v2\/posts\/40842\/revisions"}],"wp:attachment":[{"href":"https:\/\/hier-luebeck.de\/index.php\/wp-json\/wp\/v2\/media?parent=40842"}],"wp:term":[{"taxonomy":"category","embeddable":true,"href":"https:\/\/hier-luebeck.de\/index.php\/wp-json\/wp\/v2\/categories?post=40842"},{"taxonomy":"post_tag","embeddable":true,"href":"https:\/\/hier-luebeck.de\/index.php\/wp-json\/wp\/v2\/tags?post=40842"}],"curies":[{"name":"wp","href":"https:\/\/api.w.org\/{rel}","templated":true}]}}