{"id":40844,"date":"2011-08-24T11:48:08","date_gmt":"2011-08-24T09:48:08","guid":{"rendered":"http:\/\/www.hier-luebeck.de\/?p=40844"},"modified":"2011-08-24T11:48:08","modified_gmt":"2011-08-24T09:48:08","slug":"ehec-epidemie-landwirte-konnen-steuerstundung-beantragen","status":"publish","type":"post","link":"https:\/\/hier-luebeck.de\/index.php\/ehec-epidemie-landwirte-konnen-steuerstundung-beantragen\/","title":{"rendered":"EHEC-Epidemie: Landwirte k\u00f6nnen Steuerstundung beantragen"},"content":{"rendered":"<p>Kiel. Der Bund und die L\u00e4nder helfen von der EHEC-Epidemie gesch\u00e4digten Gem\u00fcsebauern mit steuerlichen Erleichterungen. Sie gelten f\u00fcr landwirtschaftliche Betriebe, die nachweislich unmittelbar und nicht unerheblich betroffen sind. Wie das Finanzministerium mitteilte, k\u00f6nnen bis zum 31. Oktober 2011 f\u00e4llige Steuern auf Antrag gestundet und Vorauszahlungen auf die Einkommensteuer oder K\u00f6rperschaftsteuer angepasst werden.<!--more--> Auf Stundungszinsen kann in der Regel verzichtet werden. Au\u00dferdem sollen die Finanz\u00e4mter bis zum 31. Oktober 2011 von Vollstreckungsma\u00dfnahmen bei den Betroffenen absehen und f\u00fcr die Zeit vom 1. Juni bis 31. Oktober 2011 S\u00e4umniszuschl\u00e4ge erlassen. Diese Ma\u00dfnahme erg\u00e4nzt die EU-Hilfe, die im Juni von den betroffenen Betrieben beantragt werden konnte und sp\u00e4testens im n\u00e4chsten Monat ausgezahlt werden wird.<\/p>\n","protected":false},"excerpt":{"rendered":"<p>Kiel. Der Bund und die L\u00e4nder helfen von der EHEC-Epidemie gesch\u00e4digten Gem\u00fcsebauern mit steuerlichen Erleichterungen. Sie gelten f\u00fcr landwirtschaftliche Betriebe,<\/p>\n","protected":false},"author":3,"featured_media":0,"comment_status":"open","ping_status":"open","sticky":false,"template":"","format":"standard","meta":{"colormag_page_container_layout":"default_layout","colormag_page_sidebar_layout":"default_layout","footnotes":""},"categories":[5],"tags":[],"class_list":["post-40844","post","type-post","status-publish","format-standard","hentry","category-politik-wirtschaft"],"_links":{"self":[{"href":"https:\/\/hier-luebeck.de\/index.php\/wp-json\/wp\/v2\/posts\/40844","targetHints":{"allow":["GET"]}}],"collection":[{"href":"https:\/\/hier-luebeck.de\/index.php\/wp-json\/wp\/v2\/posts"}],"about":[{"href":"https:\/\/hier-luebeck.de\/index.php\/wp-json\/wp\/v2\/types\/post"}],"author":[{"embeddable":true,"href":"https:\/\/hier-luebeck.de\/index.php\/wp-json\/wp\/v2\/users\/3"}],"replies":[{"embeddable":true,"href":"https:\/\/hier-luebeck.de\/index.php\/wp-json\/wp\/v2\/comments?post=40844"}],"version-history":[{"count":0,"href":"https:\/\/hier-luebeck.de\/index.php\/wp-json\/wp\/v2\/posts\/40844\/revisions"}],"wp:attachment":[{"href":"https:\/\/hier-luebeck.de\/index.php\/wp-json\/wp\/v2\/media?parent=40844"}],"wp:term":[{"taxonomy":"category","embeddable":true,"href":"https:\/\/hier-luebeck.de\/index.php\/wp-json\/wp\/v2\/categories?post=40844"},{"taxonomy":"post_tag","embeddable":true,"href":"https:\/\/hier-luebeck.de\/index.php\/wp-json\/wp\/v2\/tags?post=40844"}],"curies":[{"name":"wp","href":"https:\/\/api.w.org\/{rel}","templated":true}]}}