{"id":41060,"date":"2011-08-26T09:57:07","date_gmt":"2011-08-26T07:57:07","guid":{"rendered":"http:\/\/www.hier-luebeck.de\/?p=41060"},"modified":"2011-08-26T09:57:07","modified_gmt":"2011-08-26T07:57:07","slug":"literatursommer-turkei-2011-lesung-von-murat-uyurkulak","status":"publish","type":"post","link":"https:\/\/hier-luebeck.de\/index.php\/literatursommer-turkei-2011-lesung-von-murat-uyurkulak\/","title":{"rendered":"Literatursommer T\u00fcrkei 2011 Lesung von Murat Uyurkulak"},"content":{"rendered":"<p>Montag, 29. August 2011, 19 Uhr<br \/>\nG\u00fcnter Grass-Haus, L\u00fcbeck<\/p>\n<p>Mit seinem Deb\u00fctroman \u201eZorn\u201c hat Murat Uyurkulak, 1972 in Aydin geboren, eine inoffizielle Geschichte der t\u00fcrkischen Linken geschaffen. Am Montag, 29. August liest der Schriftsteller im G\u00fcnter Grass-Haus im Rahmen der Reihe \u201eLiteratursommer T\u00fcrkei 2011\u201c um 19 Uhr daraus vor.<!--more--> In dem Roman erz\u00e4hlt er die Geschichte zweier Reisender \u2013 einem jungen Mann und einem alten &#8211; kurz \u201eder Dichter\u201c genannt-, die sich zuf\u00e4llig auf einer Fahrt begegnen. Die lose Unterhaltung endet, als \u201eder Dichter\u201c dem jungen Reisenden ein Konvolut mit Manuskripten in die Hand dr\u00fcckt und sagt \u201eLos, lies!\u201c Die lose miteinander verwobenen Erz\u00e4hlungen, Beschreibungen und Gespr\u00e4che handeln, wie der junge Mann bald feststellt, von seinem Vater, den er nie kennengelernt hat. Gleichzeitig wird damit die Geschichte einer ganzen Generation erz\u00e4hlt, die die Hoffnung auf eine Revolution nie aufgegeben hat. Die Veranstaltung findet in Kooperation mit dem Literaturhaus Schleswig-Holstein in Kiel. Der Eintritt betr\u00e4gt 7 Euro\/ 5 Euro.<br \/>\nDie Reihe \u201eLiteratursommer  T\u00fcrkei 2011\u201c ist eine Veranstaltungsreihe, die vom Literaturhaus Schleswig-Holstein e.V. koordiniert wird.<\/p>\n","protected":false},"excerpt":{"rendered":"<p>Montag, 29. August 2011, 19 Uhr G\u00fcnter Grass-Haus, L\u00fcbeck Mit seinem Deb\u00fctroman \u201eZorn\u201c hat Murat Uyurkulak, 1972 in Aydin geboren,<\/p>\n","protected":false},"author":3,"featured_media":0,"comment_status":"open","ping_status":"open","sticky":false,"template":"","format":"standard","meta":{"colormag_page_container_layout":"default_layout","colormag_page_sidebar_layout":"default_layout","footnotes":""},"categories":[13],"tags":[],"class_list":["post-41060","post","type-post","status-publish","format-standard","hentry","category-veranstaltungen"],"_links":{"self":[{"href":"https:\/\/hier-luebeck.de\/index.php\/wp-json\/wp\/v2\/posts\/41060","targetHints":{"allow":["GET"]}}],"collection":[{"href":"https:\/\/hier-luebeck.de\/index.php\/wp-json\/wp\/v2\/posts"}],"about":[{"href":"https:\/\/hier-luebeck.de\/index.php\/wp-json\/wp\/v2\/types\/post"}],"author":[{"embeddable":true,"href":"https:\/\/hier-luebeck.de\/index.php\/wp-json\/wp\/v2\/users\/3"}],"replies":[{"embeddable":true,"href":"https:\/\/hier-luebeck.de\/index.php\/wp-json\/wp\/v2\/comments?post=41060"}],"version-history":[{"count":0,"href":"https:\/\/hier-luebeck.de\/index.php\/wp-json\/wp\/v2\/posts\/41060\/revisions"}],"wp:attachment":[{"href":"https:\/\/hier-luebeck.de\/index.php\/wp-json\/wp\/v2\/media?parent=41060"}],"wp:term":[{"taxonomy":"category","embeddable":true,"href":"https:\/\/hier-luebeck.de\/index.php\/wp-json\/wp\/v2\/categories?post=41060"},{"taxonomy":"post_tag","embeddable":true,"href":"https:\/\/hier-luebeck.de\/index.php\/wp-json\/wp\/v2\/tags?post=41060"}],"curies":[{"name":"wp","href":"https:\/\/api.w.org\/{rel}","templated":true}]}}