{"id":41273,"date":"2011-08-29T13:31:10","date_gmt":"2011-08-29T11:31:10","guid":{"rendered":"http:\/\/www.hier-luebeck.de\/?p=41273"},"modified":"2011-08-29T13:31:10","modified_gmt":"2011-08-29T11:31:10","slug":"mehrgenerationenfest-in-eichholz-am-kommenden-sonntag","status":"publish","type":"post","link":"https:\/\/hier-luebeck.de\/index.php\/mehrgenerationenfest-in-eichholz-am-kommenden-sonntag\/","title":{"rendered":"Mehrgenerationenfest in Eichholz am kommenden Sonntag"},"content":{"rendered":"<p>B\u00fcrgermeister Saxe kommt zur Er\u00f6ffnung am Sonntag um 11 Uhr<\/p>\n<p>Zum vierten Mal l\u00e4dt das Mehrgenerationenhaus Eichholz zum j\u00e4hrlichen Mehrgenerationenfest am Sonntag, 4. September 2011, von 11 Uhr bis 17 Uhr ein. Der Vorsitzende des F\u00f6rdervereins \u201eaktiv in Eichholz e.V.\u201c wird zusammen mit B\u00fcrgermeister Bernd Saxe das Fest gegen 11 Uhr auf dem Gel\u00e4nde Im Brandenbaumer Feld 27-29 er\u00f6ffnen.<!--more--><\/p>\n<p>Tanzen als Generationenthema mit der Tanzschule Showroulette Flamingo und dem Creative Dance Studio (Hip Hop mit Jugendlichen) werden das Programm bestimmen. Aber auch Chormusik, Akkordeon, das Jugendorchester der Vorwerker Diakonie \u201everstimmt\u201c, Gitarre und Gesang, und die Trommlergruppe \u201eWeltenklang\u201c sorgen f\u00fcr Stimmung.<\/p>\n<p>Ein Sonnenfernrohr der Sternwarte Eichholz und eine 50iger Jahre Wohnzimmerecke mit alten Werbefilmen, Torwandschie\u00dfen und Wikinger Schach (das d\u00e4nische Spiel Kubb) und ein Natur-Suchspiel sind nur einige Highlights dieses Tages.<\/p>\n<p>19 Einrichtungen und Vereine und drei Freiberuflerinnen sind zusammen mit dem Team des Mehrgenerationenhauses (MGH) beteiligt.<\/p>\n","protected":false},"excerpt":{"rendered":"<p>B\u00fcrgermeister Saxe kommt zur Er\u00f6ffnung am Sonntag um 11 Uhr Zum vierten Mal l\u00e4dt das Mehrgenerationenhaus Eichholz zum j\u00e4hrlichen Mehrgenerationenfest<\/p>\n","protected":false},"author":3,"featured_media":0,"comment_status":"open","ping_status":"open","sticky":false,"template":"","format":"standard","meta":{"colormag_page_container_layout":"default_layout","colormag_page_sidebar_layout":"default_layout","footnotes":""},"categories":[13],"tags":[],"class_list":["post-41273","post","type-post","status-publish","format-standard","hentry","category-veranstaltungen"],"_links":{"self":[{"href":"https:\/\/hier-luebeck.de\/index.php\/wp-json\/wp\/v2\/posts\/41273","targetHints":{"allow":["GET"]}}],"collection":[{"href":"https:\/\/hier-luebeck.de\/index.php\/wp-json\/wp\/v2\/posts"}],"about":[{"href":"https:\/\/hier-luebeck.de\/index.php\/wp-json\/wp\/v2\/types\/post"}],"author":[{"embeddable":true,"href":"https:\/\/hier-luebeck.de\/index.php\/wp-json\/wp\/v2\/users\/3"}],"replies":[{"embeddable":true,"href":"https:\/\/hier-luebeck.de\/index.php\/wp-json\/wp\/v2\/comments?post=41273"}],"version-history":[{"count":0,"href":"https:\/\/hier-luebeck.de\/index.php\/wp-json\/wp\/v2\/posts\/41273\/revisions"}],"wp:attachment":[{"href":"https:\/\/hier-luebeck.de\/index.php\/wp-json\/wp\/v2\/media?parent=41273"}],"wp:term":[{"taxonomy":"category","embeddable":true,"href":"https:\/\/hier-luebeck.de\/index.php\/wp-json\/wp\/v2\/categories?post=41273"},{"taxonomy":"post_tag","embeddable":true,"href":"https:\/\/hier-luebeck.de\/index.php\/wp-json\/wp\/v2\/tags?post=41273"}],"curies":[{"name":"wp","href":"https:\/\/api.w.org\/{rel}","templated":true}]}}