{"id":41275,"date":"2011-08-29T13:36:56","date_gmt":"2011-08-29T11:36:56","guid":{"rendered":"http:\/\/www.hier-luebeck.de\/?p=41275"},"modified":"2011-08-29T13:36:56","modified_gmt":"2011-08-29T11:36:56","slug":"kostenlos-mit-dem-lubeck-pass-in-den-hansa-park-3","status":"publish","type":"post","link":"https:\/\/hier-luebeck.de\/index.php\/kostenlos-mit-dem-lubeck-pass-in-den-hansa-park-3\/","title":{"rendered":"Kostenlos mit dem L\u00fcbeck-Pass in den Hansa-Park"},"content":{"rendered":"<p>Busse starten am 30 September zum Vergn\u00fcgungspark \u2013 Karten nur beim Reiseb\u00fcro Berg<\/p>\n<p>Auch in diesem Herbst besteht f\u00fcr die Inhaberinnen und Inhaber des L\u00fcbeck-Passes wieder die Gelegenheit, im Rahmen der \u201eSozialen Wochen\u201c, an einer Busfahrt zum Hansa-Park teilzunehmen. In diesem Jahr rollen die Busse am Freitag, 30. September 2011, wie der Bereich Soziale Sicherung jetzt mitgeteilt hat.<!--more--><\/p>\n<p>Der Eintritt, der Besuch aller Ausstellungen und Shows sowie die Nutzung aller Fahrattraktionen im Hansa-Park sind kostenlos, lediglich der Fahrpreis f\u00fcr die Busfahrt in H\u00f6he von 7 Euro pro Person ist zu entrichten.<\/p>\n<p>Die Abfahrt erfolgt von der Stra\u00dfe \u201eBeim Retteich\u201c, direkt am ZOB, um 9 Uhr, die R\u00fcckkehr dorthin gegen 17.30 Uhr. Teilnehmerkarten gibt es ab 5. September 2011 gegen Vorlage des g\u00fcltigen L\u00fcbeck-Passes nur im Reiseb\u00fcro Berg, Beckergrube 32.<\/p>\n","protected":false},"excerpt":{"rendered":"<p>Busse starten am 30 September zum Vergn\u00fcgungspark \u2013 Karten nur beim Reiseb\u00fcro Berg Auch in diesem Herbst besteht f\u00fcr die<\/p>\n","protected":false},"author":3,"featured_media":0,"comment_status":"open","ping_status":"open","sticky":false,"template":"","format":"standard","meta":{"colormag_page_container_layout":"default_layout","colormag_page_sidebar_layout":"default_layout","footnotes":""},"categories":[13],"tags":[],"class_list":["post-41275","post","type-post","status-publish","format-standard","hentry","category-veranstaltungen"],"_links":{"self":[{"href":"https:\/\/hier-luebeck.de\/index.php\/wp-json\/wp\/v2\/posts\/41275","targetHints":{"allow":["GET"]}}],"collection":[{"href":"https:\/\/hier-luebeck.de\/index.php\/wp-json\/wp\/v2\/posts"}],"about":[{"href":"https:\/\/hier-luebeck.de\/index.php\/wp-json\/wp\/v2\/types\/post"}],"author":[{"embeddable":true,"href":"https:\/\/hier-luebeck.de\/index.php\/wp-json\/wp\/v2\/users\/3"}],"replies":[{"embeddable":true,"href":"https:\/\/hier-luebeck.de\/index.php\/wp-json\/wp\/v2\/comments?post=41275"}],"version-history":[{"count":0,"href":"https:\/\/hier-luebeck.de\/index.php\/wp-json\/wp\/v2\/posts\/41275\/revisions"}],"wp:attachment":[{"href":"https:\/\/hier-luebeck.de\/index.php\/wp-json\/wp\/v2\/media?parent=41275"}],"wp:term":[{"taxonomy":"category","embeddable":true,"href":"https:\/\/hier-luebeck.de\/index.php\/wp-json\/wp\/v2\/categories?post=41275"},{"taxonomy":"post_tag","embeddable":true,"href":"https:\/\/hier-luebeck.de\/index.php\/wp-json\/wp\/v2\/tags?post=41275"}],"curies":[{"name":"wp","href":"https:\/\/api.w.org\/{rel}","templated":true}]}}