{"id":412787,"date":"2021-11-22T12:42:19","date_gmt":"2021-11-22T12:42:19","guid":{"rendered":"https:\/\/www.hier-luebeck.de\/index.php\/pol-hl-oh-heiligenhafen-betrunkener-pkw-fahrer-verursacht-verkehrsunfall\/"},"modified":"2021-11-22T12:42:19","modified_gmt":"2021-11-22T12:42:19","slug":"pol-hl-oh-heiligenhafen-betrunkener-pkw-fahrer-verursacht-verkehrsunfall","status":"publish","type":"post","link":"https:\/\/hier-luebeck.de\/index.php\/pol-hl-oh-heiligenhafen-betrunkener-pkw-fahrer-verursacht-verkehrsunfall\/","title":{"rendered":"POL-HL: OH-Heiligenhafen \/ Betrunkener PKW-Fahrer verursacht Verkehrsunfall"},"content":{"rendered":"<p>L\u00fcbeck (ots) &#8211;   Am fr\u00fchen Sonntagnachmittag (21.11.) verunfallte ein 53-j\u00e4hriger Ostholsteiner mit seinem PKW im L\u00fctjenbroder Weg und besch\u00e4digte einen Gartenzaun sowie eine Stra\u00dfenlaterne. W\u00e4hrend der Unfallaufnahme stellte sich heraus, dass der Fahrer unter Alkoholeinfluss stand. Die Polizei Heiligenhafen hat ein Strafverfahren eingeleitet.<!--more-->  Gegen 13:45 Uhr befuhr der Ostholsteiner mit seinem VW Tiguan den Orthm\u00fchlenweg in Richtung L\u00fctjenbroder Weg. Nach derzeitigem Ermittlungsstand verlor der Fahrer aufgrund eines Sekundenschlafes und alkoholbedingter Ausfallerscheinungen im dortigen Einm\u00fcndungsbereich die Kontrolle \u00fcber seinen PKW. Dabei kam dieser zun\u00e4chst nach rechts von der Fahrbahn ab und prallte gegen einen Holzzaun sowie eine Stra\u00dfenlaterne. Verletzungen trug der 53-J\u00e4hrige durch den Zusammensto\u00df nicht davon.  Vor Ort r\u00e4umte der schuldbewusste Fahrer ein, Alkohol getrunken zu haben. Ein anschlie\u00dfend durchgef\u00fchrter Test ergab einen vorl\u00e4ufigen Wert von 1,1 Promille. Vor diesem Hintergrund wurde eine Blutprobenentnahme angeordnet und der F\u00fchrerschein sichergestellt. Der stark besch\u00e4digte VW war nicht mehr fahrbereit und musste abgeschleppt werden.  Die Gesamtschadensh\u00f6he wird auf 11.000 Euro beziffert.  Das Polizeirevier Heiligenhafen hat ein Ermittlungsverfahren wegen des Verdachts der Gef\u00e4hrdung des Stra\u00dfenverkehrs eingeleitet und die zust\u00e4ndige F\u00fchrerscheinstelle informiert.  <\/p>\n<p>Quelle: <a href=\"https:\/\/www.presseportal.de\/blaulicht\/pm\/43738\/5079344\" target=\"_blank\" rel=\"noopener noreferrer\">presseportal.de<\/a><\/p>\n","protected":false},"excerpt":{"rendered":"<p>L\u00fcbeck (ots) &#8211; Am fr\u00fchen Sonntagnachmittag (21.11.) verunfallte ein 53-j\u00e4hriger Ostholsteiner mit seinem PKW im L\u00fctjenbroder Weg und besch\u00e4digte einen<\/p>\n","protected":false},"author":3,"featured_media":0,"comment_status":"closed","ping_status":"open","sticky":false,"template":"","format":"standard","meta":{"colormag_page_container_layout":"default_layout","colormag_page_sidebar_layout":"default_layout","footnotes":""},"categories":[20],"tags":[],"class_list":["post-412787","post","type-post","status-publish","format-standard","hentry","category-besondere-neuigkeiten"],"_links":{"self":[{"href":"https:\/\/hier-luebeck.de\/index.php\/wp-json\/wp\/v2\/posts\/412787","targetHints":{"allow":["GET"]}}],"collection":[{"href":"https:\/\/hier-luebeck.de\/index.php\/wp-json\/wp\/v2\/posts"}],"about":[{"href":"https:\/\/hier-luebeck.de\/index.php\/wp-json\/wp\/v2\/types\/post"}],"author":[{"embeddable":true,"href":"https:\/\/hier-luebeck.de\/index.php\/wp-json\/wp\/v2\/users\/3"}],"replies":[{"embeddable":true,"href":"https:\/\/hier-luebeck.de\/index.php\/wp-json\/wp\/v2\/comments?post=412787"}],"version-history":[{"count":0,"href":"https:\/\/hier-luebeck.de\/index.php\/wp-json\/wp\/v2\/posts\/412787\/revisions"}],"wp:attachment":[{"href":"https:\/\/hier-luebeck.de\/index.php\/wp-json\/wp\/v2\/media?parent=412787"}],"wp:term":[{"taxonomy":"category","embeddable":true,"href":"https:\/\/hier-luebeck.de\/index.php\/wp-json\/wp\/v2\/categories?post=412787"},{"taxonomy":"post_tag","embeddable":true,"href":"https:\/\/hier-luebeck.de\/index.php\/wp-json\/wp\/v2\/tags?post=412787"}],"curies":[{"name":"wp","href":"https:\/\/api.w.org\/{rel}","templated":true}]}}