{"id":41287,"date":"2011-08-29T16:01:32","date_gmt":"2011-08-29T14:01:32","guid":{"rendered":"http:\/\/www.hier-luebeck.de\/?p=41287"},"modified":"2011-08-30T08:38:30","modified_gmt":"2011-08-30T06:38:30","slug":"muschel-und-kuschelzeit-auf-amrum","status":"publish","type":"post","link":"https:\/\/hier-luebeck.de\/index.php\/muschel-und-kuschelzeit-auf-amrum\/","title":{"rendered":"Muschel- und Kuschelzeit auf Amrum"},"content":{"rendered":"<p>FOTO: Kuschelzeit unterm Amrumer Leuchtturm \/ www.nordseetourismus.de<\/p>\n<p>Der Sp\u00e4tsommer ist auf der Nordseeinsel Amrum Muschel- und Kuschelzeit: Zur Er\u00f6ffnung der Muschelsaison laden Amrums K\u00f6che am 3. September zu zahlreichen Spezialit\u00e4ten rund um die Miesmuschel ein von Muscheln im Wei\u00dfweinsud bis zu k\u00f6stlichen Meeresfr\u00fcchtevariationen. Die Amrumer Muscheltage werden am 3. September um 12.00 Uhr offiziell auf der H\u00fcttmann-Wiese in Norddorf er\u00f6ffnet, neben maritimen Leckereien erwartet Genie\u00dfer ein buntes Rahmenprogramm mit der Amrumer Jugend-Trachtengruppe, dem Amrumer Folkduo \u201eQuerbeet, der Amrumer Soulband und einem umfangreichen Kinderprogramm.<!--more--><\/p>\n<p>Nicht nur die Muscheltage machen Lust auf \u201eMeer\u201c: Ausgedehnte sp\u00e4tsommerliche Strandspazierg\u00e4nge am endlosen Kniepsand, romantische Sonnenunterg\u00e4nge und gem\u00fctliche Friesenh\u00e4user laden zum Durchatmen und zur Zeit zu Zweit ein. Im Appartement \u201eKuschelnest\u201c in Norddorf machen Paare unterm Reetdach mit Wattblick sieben Tage Urlaub inklusive Gartennutzung, Sauna, Endreinigung und Kurabgabe ab 222 Euro (www.amrum-kuschelnest.de).<\/p>\n<p>Zahlreiche weitere Unterk\u00fcnfte und attraktive Last-Minute- und Pauschalangebote unter www.amrum.de\/wohnen\/last-minute\/ und www.amrum.de\/wohnen\/pauschal-angebote\/pauschalen\/.<br \/>\nAmrumTouristik, Tel. 04682\/94030, info@amrum.de, www.amrum.de<\/p>\n","protected":false},"excerpt":{"rendered":"<p>FOTO: Kuschelzeit unterm Amrumer Leuchtturm \/ www.nordseetourismus.de Der Sp\u00e4tsommer ist auf der Nordseeinsel Amrum Muschel- und Kuschelzeit: Zur Er\u00f6ffnung der<\/p>\n","protected":false},"author":3,"featured_media":0,"comment_status":"open","ping_status":"open","sticky":false,"template":"","format":"standard","meta":{"colormag_page_container_layout":"default_layout","colormag_page_sidebar_layout":"default_layout","footnotes":""},"categories":[13],"tags":[],"class_list":["post-41287","post","type-post","status-publish","format-standard","hentry","category-veranstaltungen"],"_links":{"self":[{"href":"https:\/\/hier-luebeck.de\/index.php\/wp-json\/wp\/v2\/posts\/41287","targetHints":{"allow":["GET"]}}],"collection":[{"href":"https:\/\/hier-luebeck.de\/index.php\/wp-json\/wp\/v2\/posts"}],"about":[{"href":"https:\/\/hier-luebeck.de\/index.php\/wp-json\/wp\/v2\/types\/post"}],"author":[{"embeddable":true,"href":"https:\/\/hier-luebeck.de\/index.php\/wp-json\/wp\/v2\/users\/3"}],"replies":[{"embeddable":true,"href":"https:\/\/hier-luebeck.de\/index.php\/wp-json\/wp\/v2\/comments?post=41287"}],"version-history":[{"count":0,"href":"https:\/\/hier-luebeck.de\/index.php\/wp-json\/wp\/v2\/posts\/41287\/revisions"}],"wp:attachment":[{"href":"https:\/\/hier-luebeck.de\/index.php\/wp-json\/wp\/v2\/media?parent=41287"}],"wp:term":[{"taxonomy":"category","embeddable":true,"href":"https:\/\/hier-luebeck.de\/index.php\/wp-json\/wp\/v2\/categories?post=41287"},{"taxonomy":"post_tag","embeddable":true,"href":"https:\/\/hier-luebeck.de\/index.php\/wp-json\/wp\/v2\/tags?post=41287"}],"curies":[{"name":"wp","href":"https:\/\/api.w.org\/{rel}","templated":true}]}}