{"id":412922,"date":"2021-11-22T14:23:06","date_gmt":"2021-11-22T14:23:06","guid":{"rendered":"https:\/\/www.hier-luebeck.de\/index.php\/pol-hl-hl-innenstadt-betrunkene-radfahrerin-gestuerzt-und-verletzt\/"},"modified":"2021-11-22T14:23:06","modified_gmt":"2021-11-22T14:23:06","slug":"pol-hl-hl-innenstadt-betrunkene-radfahrerin-gestuerzt-und-verletzt","status":"publish","type":"post","link":"https:\/\/hier-luebeck.de\/index.php\/pol-hl-hl-innenstadt-betrunkene-radfahrerin-gestuerzt-und-verletzt\/","title":{"rendered":"POL-HL: HL-Innenstadt Betrunkene Radfahrerin gest\u00fcrzt und verletzt"},"content":{"rendered":"<p>L\u00fcbeck (ots) &#8211;   Am sp\u00e4ten Freitagabend (19.11.2021) st\u00fcrzte eine junge Frau mit ihrem Fahrrad in der L\u00fcbecker Innenstadt. Dabei zog sie sich leichte Verletzungen zu. Ursache des Sturzes war nach bisherigem Ermittlungsstand der nicht unerhebliche Alkoholkonsum der L\u00fcbeckerin.  Kurz vor Mitternacht befuhr die 16-J\u00e4hrige mit ihrem Rad die M\u00fchlenstra\u00dfe in Richtung M\u00fchlenbr\u00fccke.<!--more--> Die Besetzung eines in Richtung Innenstadt fahrenden Funkstreifenwagens konnte beobachten, wie die junge Frau pl\u00f6tzlich ohne Fremdeinwirkung ins Schlingern geriet und dann auf die Fahrbahn st\u00fcrzte. Dabei zog sie sich leichte Verletzungen. Zur weiteren Behandlung wurde die L\u00fcbeckerin in ein Krankenhaus gebracht.  Noch w\u00e4hrend der Verkehrsunfallaufnahme stellten die Beamten Atemalkoholgeruch bei der 16-J\u00e4hrigen fest. Die folgende Atemalkoholmessung ergab Klarheit: Das Testger\u00e4t zeigte einen Wert von 0,98 Promille. Deswegen wurde der L\u00fcbeckerin noch im Krankenhaus eine Blutprobe entnommen und ein Strafverfahren wegen des Verdachts der Trunkenheit im Verkehr eingeleitet.  <\/p>\n<p>Quelle: <a href=\"https:\/\/www.presseportal.de\/blaulicht\/pm\/43738\/5079628\" target=\"_blank\" rel=\"noopener noreferrer\">presseportal.de<\/a><\/p>\n","protected":false},"excerpt":{"rendered":"<p>L\u00fcbeck (ots) &#8211; Am sp\u00e4ten Freitagabend (19.11.2021) st\u00fcrzte eine junge Frau mit ihrem Fahrrad in der L\u00fcbecker Innenstadt. Dabei zog<\/p>\n","protected":false},"author":3,"featured_media":0,"comment_status":"closed","ping_status":"open","sticky":false,"template":"","format":"standard","meta":{"colormag_page_container_layout":"default_layout","colormag_page_sidebar_layout":"default_layout","footnotes":""},"categories":[20],"tags":[],"class_list":["post-412922","post","type-post","status-publish","format-standard","hentry","category-besondere-neuigkeiten"],"_links":{"self":[{"href":"https:\/\/hier-luebeck.de\/index.php\/wp-json\/wp\/v2\/posts\/412922","targetHints":{"allow":["GET"]}}],"collection":[{"href":"https:\/\/hier-luebeck.de\/index.php\/wp-json\/wp\/v2\/posts"}],"about":[{"href":"https:\/\/hier-luebeck.de\/index.php\/wp-json\/wp\/v2\/types\/post"}],"author":[{"embeddable":true,"href":"https:\/\/hier-luebeck.de\/index.php\/wp-json\/wp\/v2\/users\/3"}],"replies":[{"embeddable":true,"href":"https:\/\/hier-luebeck.de\/index.php\/wp-json\/wp\/v2\/comments?post=412922"}],"version-history":[{"count":0,"href":"https:\/\/hier-luebeck.de\/index.php\/wp-json\/wp\/v2\/posts\/412922\/revisions"}],"wp:attachment":[{"href":"https:\/\/hier-luebeck.de\/index.php\/wp-json\/wp\/v2\/media?parent=412922"}],"wp:term":[{"taxonomy":"category","embeddable":true,"href":"https:\/\/hier-luebeck.de\/index.php\/wp-json\/wp\/v2\/categories?post=412922"},{"taxonomy":"post_tag","embeddable":true,"href":"https:\/\/hier-luebeck.de\/index.php\/wp-json\/wp\/v2\/tags?post=412922"}],"curies":[{"name":"wp","href":"https:\/\/api.w.org\/{rel}","templated":true}]}}