{"id":41318,"date":"2011-08-29T14:16:20","date_gmt":"2011-08-29T14:16:20","guid":{"rendered":"http:\/\/www.hier-luebeck.de\/2011\/08\/pol-rz-besenhorstgeesthacht-brandstiftung-aufgeklart\/"},"modified":"2011-08-29T14:16:20","modified_gmt":"2011-08-29T14:16:20","slug":"pol-rz-besenhorstgeesthacht-brandstiftung-aufgeklart","status":"publish","type":"post","link":"https:\/\/hier-luebeck.de\/index.php\/pol-rz-besenhorstgeesthacht-brandstiftung-aufgeklart\/","title":{"rendered":"POL-RZ: Besenhorst\/Geesthacht &#8211; Brandstiftung aufgekl\u00e4rt"},"content":{"rendered":"<p>Ratzeburg (ots) &#8211; Kreis Herzogtum Lauenburg\/ 26.08.2011, Freitag     Am 06.08.11, gegen 22.00 Uhr, kam es auf einer  landwirtschaftlichen Fl\u00e4che bei Besenhorst zu einem Brand von  insgesamt 1000 Strohballen im Wert von ca. 35.000,- Euro. (Siehe  hierzu auch die Polizeimeldung vom 08.08.11) Die Brandursache war zu  diesem Zeitpunkt nicht gekl\u00e4rt.<!--more--> Eine m\u00f6gliche Brandstiftung konnte  nicht ausgeschlossen werden.     Im Rahmen der Ermittlungen erh\u00e4rtete sich, insbesondere durch  mehrere Zeugenaussagen, der Verdacht einer Brandstiftung. Dieser  Verdacht richtete sich gegen einen polizeilich einschl\u00e4gig bekannten  44-j\u00e4hrigen Mann aus B\u00f6rnsen. Im Zuge einer polizeilichen  Durchsuchungsma\u00dfnahme am 26.08.2011 bei dem 44-j\u00e4hrigen gestand  dieser spontan die Brandlegung an den Rundballen.     Das erneute Feuer vom 17.08.2011 an denselben Rundballen will der  Mann aus B\u00f6rnsen jedoch nicht gelegt haben. Nach derzeitigem Stand  der Ermittlungen kann eine Selbstentz\u00fcndung auch nicht g\u00e4nzlich  ausgeschlossen werden.     Durch das Amtsgericht Schwarzenbek wurde ein Haftbefehl erlassen  und der Beschuldigte zwecks Untersuchungshaft in die  Justizvollzugsanstalt L\u00fcbeck eingeliefert.     <\/p>\n<p>Quelle: <a href=\"http:\/\/www.presseportal.de\/polizeipresse\/pm\/43735\/2103022\/pol-rz-besenhorst-geesthacht-brandstiftung-aufgeklaert\/api\" target=\"_blank\">presseportal.de<\/a><\/p>\n","protected":false},"excerpt":{"rendered":"<p>Ratzeburg (ots) &#8211; Kreis Herzogtum Lauenburg\/ 26.08.2011, Freitag Am 06.08.11, gegen 22.00 Uhr, kam es auf einer landwirtschaftlichen Fl\u00e4che bei<\/p>\n","protected":false},"author":3,"featured_media":0,"comment_status":"open","ping_status":"open","sticky":false,"template":"","format":"standard","meta":{"colormag_page_container_layout":"default_layout","colormag_page_sidebar_layout":"default_layout","footnotes":""},"categories":[20],"tags":[],"class_list":["post-41318","post","type-post","status-publish","format-standard","hentry","category-besondere-neuigkeiten"],"_links":{"self":[{"href":"https:\/\/hier-luebeck.de\/index.php\/wp-json\/wp\/v2\/posts\/41318","targetHints":{"allow":["GET"]}}],"collection":[{"href":"https:\/\/hier-luebeck.de\/index.php\/wp-json\/wp\/v2\/posts"}],"about":[{"href":"https:\/\/hier-luebeck.de\/index.php\/wp-json\/wp\/v2\/types\/post"}],"author":[{"embeddable":true,"href":"https:\/\/hier-luebeck.de\/index.php\/wp-json\/wp\/v2\/users\/3"}],"replies":[{"embeddable":true,"href":"https:\/\/hier-luebeck.de\/index.php\/wp-json\/wp\/v2\/comments?post=41318"}],"version-history":[{"count":0,"href":"https:\/\/hier-luebeck.de\/index.php\/wp-json\/wp\/v2\/posts\/41318\/revisions"}],"wp:attachment":[{"href":"https:\/\/hier-luebeck.de\/index.php\/wp-json\/wp\/v2\/media?parent=41318"}],"wp:term":[{"taxonomy":"category","embeddable":true,"href":"https:\/\/hier-luebeck.de\/index.php\/wp-json\/wp\/v2\/categories?post=41318"},{"taxonomy":"post_tag","embeddable":true,"href":"https:\/\/hier-luebeck.de\/index.php\/wp-json\/wp\/v2\/tags?post=41318"}],"curies":[{"name":"wp","href":"https:\/\/api.w.org\/{rel}","templated":true}]}}