{"id":41324,"date":"2011-08-29T14:19:30","date_gmt":"2011-08-29T14:19:30","guid":{"rendered":"http:\/\/www.hier-luebeck.de\/2011\/08\/pol-se-quickborn-verkehrsunfall-mit-funf-verletzten-30-jahrige-erleidet-schadelhirntrauma\/"},"modified":"2011-08-29T14:19:30","modified_gmt":"2011-08-29T14:19:30","slug":"pol-se-quickborn-verkehrsunfall-mit-funf-verletzten-30-jahrige-erleidet-schadelhirntrauma","status":"publish","type":"post","link":"https:\/\/hier-luebeck.de\/index.php\/pol-se-quickborn-verkehrsunfall-mit-funf-verletzten-30-jahrige-erleidet-schadelhirntrauma\/","title":{"rendered":"POL-SE: Quickborn: Verkehrsunfall mit f\u00fcnf Verletzten  &#8211; 30-J\u00e4hrige erleidet Sch\u00e4delhirntrauma"},"content":{"rendered":"<p>Quickborn: (ots) &#8211; Bei einem Unfall am gestrigen Sonntagabend an  der Kreuzung Friedrichsgaber Stra\u00dfe\/ Ulzburger Landstra\u00dfe sind f\u00fcnf  Insassen der beiden beteiligten PKW verletzt worden. Vier sind in  Kliniken gebracht worden. Schwer verletzt worden ist eine 30-j\u00e4hrige  Quickbornerin.     Um 22.08 Uhr eilten Polizei und Rettungsdienst zur Unfallstelle.<!--more-->  Die Ermittlungen am Unfallort ergaben, dass ein 34-j\u00e4hriger Fahrer  eines Golfs offenbar die Vorfahrt missachtete, als er die Ulzburger  Stra\u00dfe verlassen und nach links in die Friedrichsgaber Stra\u00dfe  abbiegen wollte. Dabei \u00fcbersah er einen vorfahrtsberechtigten  Volvofahrer, der die Friedrichsgaber Stra\u00dfe mit nach Zeugenangaben  sehr hoher Geschwindigkeit in Richtung Pascalstra\u00dfe befuhr. Im  Kreuzungsbereich kam es zur Kollision. Durch die Wucht des Aufpralls  wurden beide Autos stark besch\u00e4digt und nahezu alle Insassen  verletzt. Die 30-j\u00e4hrige Lebensgef\u00e4hrtin des Golffahrers wurde schwer verletzt. Sie hielt zur Unfallzeit ein knapp einj\u00e4hriges Kleinkind  auf dem Arm. Der kleine Junge hatte seinen Schutzengel dabei, er  wurde nur leicht verletzt. Die beiden kamen mit dem Rettungswagen ins Krankenhaus.     In dem Volvo sa\u00dfen vier Personen. Der 20-j\u00e4hrige Fahrer aus  Schmalfeld und seine Mitfahrer aus Kaltenkirchen und Alveslohe (20  und 19 Jahre) erlitten bei dem Unfall leichte Verletzungen. Der  Fahrer und der 19-J\u00e4hrige kamen ebenfalls ins Krankenhaus.     An den beiden PKW entstand ein Schaden von mindestens 12 Tausend  Euro. Beide Fahrzeuge mussten nicht mehr fahrbereit abgeschleppt  werden.   ots Originaltext: Polizeidirektion Bad Segeberg Digitale Pressemappe: http:\/\/www.polizeipresse.de\/p_story.htx?firmaid=19027  <\/p>\n<p>Quelle: <a href=\"http:\/\/www.presseportal.de\/polizeipresse\/pm\/19027\/2103035\/pol-se-quickborn-verkehrsunfall-mit-fuenf-verletzten-30-jaehrige-erleidet-schaedelhirntrauma\/api\" target=\"_blank\">presseportal.de<\/a><\/p>\n","protected":false},"excerpt":{"rendered":"<p>Quickborn: (ots) &#8211; Bei einem Unfall am gestrigen Sonntagabend an der Kreuzung Friedrichsgaber Stra\u00dfe\/ Ulzburger Landstra\u00dfe sind f\u00fcnf Insassen der<\/p>\n","protected":false},"author":3,"featured_media":0,"comment_status":"open","ping_status":"open","sticky":false,"template":"","format":"standard","meta":{"colormag_page_container_layout":"default_layout","colormag_page_sidebar_layout":"default_layout","footnotes":""},"categories":[20],"tags":[],"class_list":["post-41324","post","type-post","status-publish","format-standard","hentry","category-besondere-neuigkeiten"],"_links":{"self":[{"href":"https:\/\/hier-luebeck.de\/index.php\/wp-json\/wp\/v2\/posts\/41324","targetHints":{"allow":["GET"]}}],"collection":[{"href":"https:\/\/hier-luebeck.de\/index.php\/wp-json\/wp\/v2\/posts"}],"about":[{"href":"https:\/\/hier-luebeck.de\/index.php\/wp-json\/wp\/v2\/types\/post"}],"author":[{"embeddable":true,"href":"https:\/\/hier-luebeck.de\/index.php\/wp-json\/wp\/v2\/users\/3"}],"replies":[{"embeddable":true,"href":"https:\/\/hier-luebeck.de\/index.php\/wp-json\/wp\/v2\/comments?post=41324"}],"version-history":[{"count":0,"href":"https:\/\/hier-luebeck.de\/index.php\/wp-json\/wp\/v2\/posts\/41324\/revisions"}],"wp:attachment":[{"href":"https:\/\/hier-luebeck.de\/index.php\/wp-json\/wp\/v2\/media?parent=41324"}],"wp:term":[{"taxonomy":"category","embeddable":true,"href":"https:\/\/hier-luebeck.de\/index.php\/wp-json\/wp\/v2\/categories?post=41324"},{"taxonomy":"post_tag","embeddable":true,"href":"https:\/\/hier-luebeck.de\/index.php\/wp-json\/wp\/v2\/tags?post=41324"}],"curies":[{"name":"wp","href":"https:\/\/api.w.org\/{rel}","templated":true}]}}