{"id":41337,"date":"2011-08-30T07:46:14","date_gmt":"2011-08-30T05:46:14","guid":{"rendered":"http:\/\/www.hier-luebeck.de\/?p=41337"},"modified":"2011-08-30T07:46:14","modified_gmt":"2011-08-30T05:46:14","slug":"hafen-kiel-canal-und-gruner-kamp-ab-sofort-direkt-an-die-b-202-angebunden-verkehrsminister-jost-de-jager-eroffnet-neue-anschluss-stelle-bei-osterronfeld","status":"publish","type":"post","link":"https:\/\/hier-luebeck.de\/index.php\/hafen-kiel-canal-und-gruner-kamp-ab-sofort-direkt-an-die-b-202-angebunden-verkehrsminister-jost-de-jager-eroffnet-neue-anschluss-stelle-bei-osterronfeld\/","title":{"rendered":"Hafen-Kiel-Canal und &#8222;Gr\u00fcner Kamp&#8220; ab sofort direkt an die B 202 angebunden Verkehrsminister Jost de Jager er\u00f6ffnet neue Anschluss-Stelle bei Osterr\u00f6nfeld"},"content":{"rendered":"<p>RENDSBURG\/KIEL. L\u00fcckenschluss zwischen Rendsburgs Landwirtschafts-Meile &#8222;Gr\u00fcner Kamp&#8220;, dem neuen Hafen Kiel-Canal und der Bundesstra\u00dfe 202: Nach an-derthalbj\u00e4hriger Bauzeit hat Verkehrsminister Jost de Jager heute (29. August) ge-meinsam mit Rendsburgs B\u00fcrgermeister Andreas Breitner und Osterr\u00f6nfelds B\u00fcr-germeister Bernd Sienknecht die neue B-202-Anschlussstelle in Osterr\u00f6nfeld f\u00fcr den Verkehr frei gegeben. Damit sind nicht nur der neue Hafen, das NORLA-Messegel\u00e4nde, die Landwirtschaftskammer und die landwirtschaftlichen Ausbil-dungseinrichtungen schneller und besser erreichbar, sondern wir sorgen zugleich f\u00fcr eine deutliche Entlastung der angrenzenden Wohngebiete&#8220;, sagte de Jager. Insge-samt wurden 5,7 Millionen Euro investiert.<!--more--><\/p>\n<p>Nach den Worten des Ministers sei die Verlegung der Anschlussstelle Teil des Gesamtkonzeptes zur Neuordnung der Anschlussstellen im unmittelbaren Kreuzungsbereich der Bundesstra\u00dfen 77 und 202. Zur Erh\u00f6hung der Leistungsf\u00e4higkeit sowie zur Verbesserung der Sicherheit des Verkehrs wurde der Abzweiger nach Osterr\u00f6nfeld (B 202\/L 255) um 500 Meter in Richtung Westen verlegt. Eine Verkehrsuntersuchung hatte ergeben, dass die bisherige Anschlussstelle Osterr\u00f6nfeld bald an die Grenzen ihrer Leistungsf\u00e4higkeit gekommen w\u00e4re und den Entwicklungen im Wirt-schaftsraum Rendsburg-S\u00fcd und Osterr\u00f6nfeld nicht mehr standgehalten h\u00e4tte. Wie de Jager weiter sagte, seien die insgesamt 5,7 Millionen Euro von Bund, Land und Kommunen aufgebracht worden. &#8222;Damit werden nicht nur die Anwohner entlastet, sondern zugleich der Wirtschaftsraum insgesamt gest\u00e4rkt&#8220;, so de Jager. Der noch anstehende R\u00fcckbau der Anschlussarme von und nach Rendsburg wird nach der Fertigstellung der beiden Verbindungsstra\u00dfen &#8222;Bischofskamp&#8220; und &#8222;Birkenhof&#8220; erfolgen.<\/p>\n","protected":false},"excerpt":{"rendered":"<p>RENDSBURG\/KIEL. L\u00fcckenschluss zwischen Rendsburgs Landwirtschafts-Meile &#8222;Gr\u00fcner Kamp&#8220;, dem neuen Hafen Kiel-Canal und der Bundesstra\u00dfe 202: Nach an-derthalbj\u00e4hriger Bauzeit hat Verkehrsminister<\/p>\n","protected":false},"author":3,"featured_media":0,"comment_status":"open","ping_status":"open","sticky":false,"template":"","format":"standard","meta":{"colormag_page_container_layout":"default_layout","colormag_page_sidebar_layout":"default_layout","footnotes":""},"categories":[5],"tags":[],"class_list":["post-41337","post","type-post","status-publish","format-standard","hentry","category-politik-wirtschaft"],"_links":{"self":[{"href":"https:\/\/hier-luebeck.de\/index.php\/wp-json\/wp\/v2\/posts\/41337","targetHints":{"allow":["GET"]}}],"collection":[{"href":"https:\/\/hier-luebeck.de\/index.php\/wp-json\/wp\/v2\/posts"}],"about":[{"href":"https:\/\/hier-luebeck.de\/index.php\/wp-json\/wp\/v2\/types\/post"}],"author":[{"embeddable":true,"href":"https:\/\/hier-luebeck.de\/index.php\/wp-json\/wp\/v2\/users\/3"}],"replies":[{"embeddable":true,"href":"https:\/\/hier-luebeck.de\/index.php\/wp-json\/wp\/v2\/comments?post=41337"}],"version-history":[{"count":0,"href":"https:\/\/hier-luebeck.de\/index.php\/wp-json\/wp\/v2\/posts\/41337\/revisions"}],"wp:attachment":[{"href":"https:\/\/hier-luebeck.de\/index.php\/wp-json\/wp\/v2\/media?parent=41337"}],"wp:term":[{"taxonomy":"category","embeddable":true,"href":"https:\/\/hier-luebeck.de\/index.php\/wp-json\/wp\/v2\/categories?post=41337"},{"taxonomy":"post_tag","embeddable":true,"href":"https:\/\/hier-luebeck.de\/index.php\/wp-json\/wp\/v2\/tags?post=41337"}],"curies":[{"name":"wp","href":"https:\/\/api.w.org\/{rel}","templated":true}]}}