{"id":41347,"date":"2011-08-30T08:47:58","date_gmt":"2011-08-30T06:47:58","guid":{"rendered":"http:\/\/www.hier-luebeck.de\/?p=41347"},"modified":"2011-08-30T08:47:58","modified_gmt":"2011-08-30T06:47:58","slug":"festliches-trompetenkonzert-des-pfeiffer","status":"publish","type":"post","link":"https:\/\/hier-luebeck.de\/index.php\/festliches-trompetenkonzert-des-pfeiffer\/","title":{"rendered":"Festliches Trompetenkonzert des Pfeiffer"},"content":{"rendered":"<p>Ein festliches Trompetenkonzert des Pfeiffer -Trompeten- Consort findet am Samstag, den 10. September in der Katharinenkirche um 19.30 Uhr statt.<\/p>\n<p>Unter dem Motto &#8220; Tagebuch einer musikalischen Reise&#8220; wird  der Schauspieler Neven N\u00f6tig (K\u00f6ln) \u00fcber die Hauptwirkungsst\u00e4tten der Komponisten H\u00e4ndel, Vivaldi, Lully, und Mendelssohn berichten.<!--more--> Die drei Trompeter Joachim, Martin und Harald Pfeiffer werden zusammen mit dem Gewandhaus-Pauker Matthias  M\u00fcller (Leipzig) und dem KMD Peter Schumann ein abwechslungsreiches Programm  gestalten. Ein barockes Klangerlebnis erwartet sie auf dieser besonderen Art der musikalischen Reise.<\/p>\n<p>Eintrittskarten zu 15 \u20ac \/ 12 \u20ac<br \/>\nerm\u00e4\u00dfigt Sch\u00fcler und Studenten 12 \u20ac \/ 9 \u20ac<br \/>\nan der Konzertkasse Weiland, dem Klassik-Kontor und der Abendkasse.<\/p>\n","protected":false},"excerpt":{"rendered":"<p>Ein festliches Trompetenkonzert des Pfeiffer -Trompeten- Consort findet am Samstag, den 10. September in der Katharinenkirche um 19.30 Uhr statt.<\/p>\n","protected":false},"author":3,"featured_media":0,"comment_status":"open","ping_status":"open","sticky":false,"template":"","format":"standard","meta":{"colormag_page_container_layout":"default_layout","colormag_page_sidebar_layout":"default_layout","footnotes":""},"categories":[13],"tags":[],"class_list":["post-41347","post","type-post","status-publish","format-standard","hentry","category-veranstaltungen"],"_links":{"self":[{"href":"https:\/\/hier-luebeck.de\/index.php\/wp-json\/wp\/v2\/posts\/41347","targetHints":{"allow":["GET"]}}],"collection":[{"href":"https:\/\/hier-luebeck.de\/index.php\/wp-json\/wp\/v2\/posts"}],"about":[{"href":"https:\/\/hier-luebeck.de\/index.php\/wp-json\/wp\/v2\/types\/post"}],"author":[{"embeddable":true,"href":"https:\/\/hier-luebeck.de\/index.php\/wp-json\/wp\/v2\/users\/3"}],"replies":[{"embeddable":true,"href":"https:\/\/hier-luebeck.de\/index.php\/wp-json\/wp\/v2\/comments?post=41347"}],"version-history":[{"count":0,"href":"https:\/\/hier-luebeck.de\/index.php\/wp-json\/wp\/v2\/posts\/41347\/revisions"}],"wp:attachment":[{"href":"https:\/\/hier-luebeck.de\/index.php\/wp-json\/wp\/v2\/media?parent=41347"}],"wp:term":[{"taxonomy":"category","embeddable":true,"href":"https:\/\/hier-luebeck.de\/index.php\/wp-json\/wp\/v2\/categories?post=41347"},{"taxonomy":"post_tag","embeddable":true,"href":"https:\/\/hier-luebeck.de\/index.php\/wp-json\/wp\/v2\/tags?post=41347"}],"curies":[{"name":"wp","href":"https:\/\/api.w.org\/{rel}","templated":true}]}}