{"id":41428,"date":"2011-08-31T08:17:08","date_gmt":"2011-08-31T06:17:08","guid":{"rendered":"http:\/\/www.hier-luebeck.de\/?p=41428"},"modified":"2011-08-31T08:17:08","modified_gmt":"2011-08-31T06:17:08","slug":"ehrennadel-des-landes-an-20-engagierte-schleswig-holsteiner-uberreicht-staatssekretar-dr-arne-wulff-wurdigt-grosen-ehrenamtlichen-einsatz","status":"publish","type":"post","link":"https:\/\/hier-luebeck.de\/index.php\/ehrennadel-des-landes-an-20-engagierte-schleswig-holsteiner-uberreicht-staatssekretar-dr-arne-wulff-wurdigt-grosen-ehrenamtlichen-einsatz\/","title":{"rendered":"Ehrennadel des Landes an 20 engagierte Schleswig-Holsteiner \u00fcberreicht: Staatssekret\u00e4r Dr. Arne Wulff w\u00fcrdigt gro\u00dfen ehrenamtlichen Einsatz"},"content":{"rendered":"<p>In Vertretung von Ministerpr\u00e4sident Peter Harry Carstensen hat der Chef der Staatskanzlei, Staatssekret\u00e4r Dr. Arne Wulff, 20 ehrenamtlich engagierte Schleswig-Holsteiner mit der Ehrennadel des Landes ausgezeichnet. &#8222;Ihr Einsatz verdient unseren Respekt und unsere Anerkennung. Schleswig-Holstein kann sich gl\u00fccklich sch\u00e4tzen, dass Menschen wie Sie Verantwortung \u00fcbernehmen&#8220;, sagte Wulff\u00a0 in der Landesbibliothek in Kiel.<!--more--><\/p>\n<p>Der Staatssekret\u00e4r bezeichnete die Freiwilligenarbeit als einen Pfeiler der freiheitlich-demokratischen und sozialen Ordnung und des kulturellen Lebens. &#8222;Genau deshalb hat dieses Engagement auch diesen hohen Stellenwert in unserer Gesellschaft&#8220;, so Wulff. Die geehrten Frauen und M\u00e4nner w\u00fcrden durch ihren gro\u00dfen Einsatz dazu beitragen, die Gesellschaft noch lebenswerter zu machen. &#8222;Mit der Ehrennadel zeigen wir Ihnen: Uns sind jene Menschen wichtig, denen ihre Mitmenschen wichtig sind. Ihr Engagement bringt nicht nur Sie, sondern auch unser Land weiter. Vielen Dank daf\u00fcr&#8220;, sagte Wulff.<\/p>\n<p>Justizminister Emil Schmalfu\u00df, Bildungsminister Dr. Ekkehard Klug, Innenminister Klaus Schlie, Landwirtschaftsministerin Dr. Juliane Rumpf und Wissenschafts-Staatssekret\u00e4rin Dr. Cordelia Andre\u00dfen \u00fcberreichten die Ehrennadeln an:<br \/>\nPeter Ahrens, Wohltorf; Karin Clau\u00dfen, Hohenlockstedt; Elke Flick-Clausen, Scharbeutz\/Sarkwitz; Volkmar Friedrich, Stockelsdorf; Gerrit-Dierk Heimsoth, Grevenkop; Gertrud Kummer, Scharbeutz\/Klingberg; Bernd Laue, Garding; Walter Me\u00df, Fehmarn; Renato Montevirgen, L\u00fcbeck; Karin Panzer, Ammersbek; J\u00fcrgen Redepenning, Bad Malente-Benz; Brigitta Freifrau von Richthofen, Aum\u00fchle; Peter Samuelsen, B\u00f6klund; Henny von Schiller, Schleswig; J\u00fcrgen Schubert, Hohn; Werner Solterbeck, Ahlefeld-Bistensee; Dieter Staacken, Garding; Burghard Strack, Kaltenkirchen; Hilda Strawe, Scharbeutz; Isolda Vesnin, Schleswig.<\/p>\n","protected":false},"excerpt":{"rendered":"<p>In Vertretung von Ministerpr\u00e4sident Peter Harry Carstensen hat der Chef der Staatskanzlei, Staatssekret\u00e4r Dr. Arne Wulff, 20 ehrenamtlich engagierte Schleswig-Holsteiner<\/p>\n","protected":false},"author":3,"featured_media":0,"comment_status":"open","ping_status":"open","sticky":false,"template":"","format":"standard","meta":{"colormag_page_container_layout":"default_layout","colormag_page_sidebar_layout":"default_layout","footnotes":""},"categories":[5],"tags":[],"class_list":["post-41428","post","type-post","status-publish","format-standard","hentry","category-politik-wirtschaft"],"_links":{"self":[{"href":"https:\/\/hier-luebeck.de\/index.php\/wp-json\/wp\/v2\/posts\/41428","targetHints":{"allow":["GET"]}}],"collection":[{"href":"https:\/\/hier-luebeck.de\/index.php\/wp-json\/wp\/v2\/posts"}],"about":[{"href":"https:\/\/hier-luebeck.de\/index.php\/wp-json\/wp\/v2\/types\/post"}],"author":[{"embeddable":true,"href":"https:\/\/hier-luebeck.de\/index.php\/wp-json\/wp\/v2\/users\/3"}],"replies":[{"embeddable":true,"href":"https:\/\/hier-luebeck.de\/index.php\/wp-json\/wp\/v2\/comments?post=41428"}],"version-history":[{"count":0,"href":"https:\/\/hier-luebeck.de\/index.php\/wp-json\/wp\/v2\/posts\/41428\/revisions"}],"wp:attachment":[{"href":"https:\/\/hier-luebeck.de\/index.php\/wp-json\/wp\/v2\/media?parent=41428"}],"wp:term":[{"taxonomy":"category","embeddable":true,"href":"https:\/\/hier-luebeck.de\/index.php\/wp-json\/wp\/v2\/categories?post=41428"},{"taxonomy":"post_tag","embeddable":true,"href":"https:\/\/hier-luebeck.de\/index.php\/wp-json\/wp\/v2\/tags?post=41428"}],"curies":[{"name":"wp","href":"https:\/\/api.w.org\/{rel}","templated":true}]}}