{"id":41432,"date":"2011-08-31T08:49:46","date_gmt":"2011-08-31T06:49:46","guid":{"rendered":"http:\/\/www.hier-luebeck.de\/?p=41432"},"modified":"2011-08-31T08:49:46","modified_gmt":"2011-08-31T06:49:46","slug":"land-kommunen-und-netzbetreiber-setzen-netzausbau-auf-die-uberholspur-de-jager-unterzeichnet-beschleunigungsvereinbarung-mit-e-on-und-tennet","status":"publish","type":"post","link":"https:\/\/hier-luebeck.de\/index.php\/land-kommunen-und-netzbetreiber-setzen-netzausbau-auf-die-uberholspur-de-jager-unterzeichnet-beschleunigungsvereinbarung-mit-e-on-und-tennet\/","title":{"rendered":"Land, Kommunen und Netzbetreiber setzen Netzausbau auf die \u00dcberholspur: De Jager unterzeichnet Beschleunigungsvereinbarung mit E.ON und Tennet"},"content":{"rendered":"<p>Mehr Tempo beim Ausbau der Strom-Autobahnen in Richtung Erneuerbare Energien: Gemeinsam mit Vertretern der beiden Netzbetreiber Tennet und E.ON hat Wirtschaftsminister Jost de Jager am 30. August eine Vereinbarung zur Beschleunigung des Netzausbaus auf der 380 Kilovolt- und 110-Kilovolt-Transportebene in Schleswig-Holstein unterzeichnet. An der Vereinbarung wollen sich auch die betroffenen Kommunen und Kreise im Land beteiligen. Ziel ist ein erster Spatenstich f\u00fcr eine 380-KV-Leitung an der Westk\u00fcste bereits Anfang 2015. \u201e&#8220;Mit einzelnen 110-Kilovolt-Trassen k\u00f6nnen wir m\u00f6glicherweise sogar noch fr\u00fcher starten&#8220;\u201c, sagte de Jager. Insgesamt ist in Schleswig-Holstein langfristig der Bau von rund 700 Kilometern an neuen Hoch- und H\u00f6chstspannungstrassen geplant.<!--more--><\/p>\n<p>Wie der Minister weiter sagte, k\u00f6nne Schleswig-Holstein bei Umsetzung des ehrgeizigen Fahrplans bis 2020 bis zu zehn Prozent des deutschen Strombedarfs aus Erneuerbaren Energien decken. \u201e&#8220;Die geeigneten Fl\u00e4chen daf\u00fcr weisen wir bis Anfang 2012 aus \u2013 und die Investoren stehen bereit. Was wir jetzt brauchen, sind Stromtrassen, die die Energie von den Windparks zu den Verbraucher-Zentren  im S\u00fcden bringen. Dazu muss jeder an seiner Stelle seinen Beitrag bringen.&#8220;\u201c<\/p>\n<p>Lex Hartman, Gesch\u00e4ftsf\u00fchrer der TenneT TSO GmbH und Branko Rakidzija, Gesch\u00e4ftsf\u00fchrer der E.ON Netz GmbH, versicherten ihre kraftvolle Unterst\u00fctzung: \u201e&#8220;Unsere beiden Unternehmen werden im Interesse eines z\u00fcgigen Netzausbaus alle Ma\u00dfnahmen und Planungen der geschlossenen Vereinbarung intensiv vorantreiben&#8220;\u201c, sagte Hartmann. Netzbetreiber und Kreise werden vor Beginn des f\u00f6rmlichen Verwaltungsverfahrens gemeinsam ein Dialog- und Kommunikationsverfahren anbieten, um die Menschen vor Ort umfassend \u00fcber die geplanten Ausbauvorhaben zu informieren.<\/p>\n<p>Nach den Worten von de Jager werde ein wesentlicher Beitrag der Landesregierung  darin bestehen, dass f\u00fcr die anstehenden Planfeststellungsverfahren hinreichend personelle Kapazit\u00e4ten im Landesbetrieb Stra\u00dfenbau und Verkehr vorgehalten werden, um eine z\u00fcgige Durchf\u00fchrung der Verfahren zu gew\u00e4hrleisten. Er wies darauf hin, dass nach der Verwaltungsebene nun auch die Selbstverwaltungsebenen der Kreise in ihren Aussch\u00fcssen ihre Zustimmung zu der Vereinbarung erteilen m\u00fcssen.<\/p>\n<p>TenneT-Gesch\u00e4ftsf\u00fchrer Lex Hartman betonte: \u201e&#8220;Mit der breiten Einbeziehung der \u00d6ffentlichkeit in den geplanten Regionalkonferenzen werden erstmalig in Schleswig-Holstein derartig bedeutsame Vorhaben bereits vor Beginn des  f\u00f6rmlichen Planfeststellungsverfahrens in einem umfassenden Dialogverfahren zur Diskussion gestellt.&#8220;\u201c<\/p>\n<p>Branko Rakidzija: \u201e&#8220;Gemeinsam mit Kommunen, Verb\u00e4nden und einzelnen B\u00fcrgern werden wir im Vorfeld die Gelegenheit wahrnehmen, uns \u00fcber Details auszutauschen. Dabei werden wir alle Parteien sachgerecht informieren und Ihnen die M\u00f6glichkeit geben, die eigenen Interessen in die Vor\u00fcberlegungen zur Trassenbestimmung einzubringen. Der Dialog mit allen Planungsbeteiligten ist uns wichtig.&#8220;\u201c<\/p>\n<p>F\u00fcr den beschleunigten Ausbau der Stromleitungen in Schleswig-Holstein wollen die Kreise Dithmarschen, Steinburg, Pinneberg und Nordfriesland eine Pilotregion bilden, in der beispielhaft  f\u00fcr den Ausbau der Stromnetze Erfahrungen im Umgang mit den neuen Wegen bei der \u00f6ffentlichen Kommunikation des Leitungsausbaus gesammelt werden. Dazu bilden Netzbetreiber, Kreise und Landesregierung eine gemeinsame Arbeitsgruppe, die die Erfahrungen mit dem offenen und transparenten Dialog aufgreift und im Sinne eines schlanken und z\u00fcgigen Verfahrens einen vorbildlichen Weg aufzeigt.<\/p>\n<p>Die Schleswig-Holstein Netz AG wird dar\u00fcber hinaus schon vor 2015 die erforderlichen Anschlusskapazit\u00e4ten im Verteilnetz bereitstellen.<\/p>\n","protected":false},"excerpt":{"rendered":"<p>Mehr Tempo beim Ausbau der Strom-Autobahnen in Richtung Erneuerbare Energien: Gemeinsam mit Vertretern der beiden Netzbetreiber Tennet und E.ON hat<\/p>\n","protected":false},"author":3,"featured_media":0,"comment_status":"open","ping_status":"open","sticky":false,"template":"","format":"standard","meta":{"colormag_page_container_layout":"default_layout","colormag_page_sidebar_layout":"default_layout","footnotes":""},"categories":[5],"tags":[],"class_list":["post-41432","post","type-post","status-publish","format-standard","hentry","category-politik-wirtschaft"],"_links":{"self":[{"href":"https:\/\/hier-luebeck.de\/index.php\/wp-json\/wp\/v2\/posts\/41432","targetHints":{"allow":["GET"]}}],"collection":[{"href":"https:\/\/hier-luebeck.de\/index.php\/wp-json\/wp\/v2\/posts"}],"about":[{"href":"https:\/\/hier-luebeck.de\/index.php\/wp-json\/wp\/v2\/types\/post"}],"author":[{"embeddable":true,"href":"https:\/\/hier-luebeck.de\/index.php\/wp-json\/wp\/v2\/users\/3"}],"replies":[{"embeddable":true,"href":"https:\/\/hier-luebeck.de\/index.php\/wp-json\/wp\/v2\/comments?post=41432"}],"version-history":[{"count":0,"href":"https:\/\/hier-luebeck.de\/index.php\/wp-json\/wp\/v2\/posts\/41432\/revisions"}],"wp:attachment":[{"href":"https:\/\/hier-luebeck.de\/index.php\/wp-json\/wp\/v2\/media?parent=41432"}],"wp:term":[{"taxonomy":"category","embeddable":true,"href":"https:\/\/hier-luebeck.de\/index.php\/wp-json\/wp\/v2\/categories?post=41432"},{"taxonomy":"post_tag","embeddable":true,"href":"https:\/\/hier-luebeck.de\/index.php\/wp-json\/wp\/v2\/tags?post=41432"}],"curies":[{"name":"wp","href":"https:\/\/api.w.org\/{rel}","templated":true}]}}