{"id":41439,"date":"2011-08-31T10:54:11","date_gmt":"2011-08-31T08:54:11","guid":{"rendered":"http:\/\/www.hier-luebeck.de\/?p=41439"},"modified":"2011-08-31T10:54:11","modified_gmt":"2011-08-31T08:54:11","slug":"tour-de-marli-hiller-ohm-geht-mit-burgerinnen-und-burgern-auf-entdeckungstour-per-rad","status":"publish","type":"post","link":"https:\/\/hier-luebeck.de\/index.php\/tour-de-marli-hiller-ohm-geht-mit-burgerinnen-und-burgern-auf-entdeckungstour-per-rad\/","title":{"rendered":"Tour de Marli: Hiller-Ohm geht mit B\u00fcrgerinnen und B\u00fcrgern auf Entdeckungstour per Rad"},"content":{"rendered":"<p><strong><\/strong>Die L\u00fcbecker Bundestagsabgeordnete  Gabriele Hiller-Ohm (SPD) hat sich am letzten Freitag auf Entdeckungstour per  Fahrrad begeben. In diesem Jahr ging es durch den Stadtteil Marli. Begleitet  wurde sie von zahlreichen B\u00fcrgerinnen und B\u00fcrgern und politischer Prominenz.  Neben B\u00fcrgermeister Bernd Saxe (SPD) geh\u00f6rten auch Umweltsenator Bernd M\u00f6ller  (Gr\u00fcne) und Experten von Polizei, L\u00fcbecker Stadtwald, der Marli GmbH und der SPD  vor Ort zu den Teilnehmern.<!--more-->\u201eMarli ist f\u00fcr L\u00fcbeck und auch  f\u00fcr mich pers\u00f6nlich von ganz besonderer Bedeutung\u201c, erkl\u00e4rt Hiller-Ohm, die ganz  in der N\u00e4he des neu gestalteten Kaufhofs aufgewachsen ist. \u201eNach dem Zweiten  Weltkrieg war L\u00fcbeck besonders von Wohnungsknappheit betroffen, nachdem sich die  Einwohnerzahl durch die vielen Fl\u00fcchtlinge fast verdoppelt hatte. Gerade auf  Marli wurden viele kleine Wohnungen gebaut, die den Menschen damals ein neues  Zuhause gaben.\u201c B\u00fcrgermeister Bernd Saxe (SPD) untermauerte die drastische  Wohnungsnot mit eindrucksvollen Zahlen: Zwischen 1945 und 1946 wuchs die  Bev\u00f6lkerung L\u00fcbecks von 135.000 auf fast 250.000 Menschen an. F\u00fcr den neuen  Kaufhof, betonte Saxe, wurde der Altbestand komplett abgerissen, um neue  Wohnungen mit zeitgem\u00e4\u00dfem Qualit\u00e4ts-standard zu errichten. Insgesamt wurde ein  Gebiet von 14.000 Quadratmetern bebaut mit rund 250 Wohnungseinheiten und einem  beeindruckenden Bauvolumen von fast 35 Millionen Euro. \u201eIch freue mich\u201c, so  Hiller-Ohm, \u201edass die Wohnqualit\u00e4t hier noch immer hoch eingesch\u00e4tzt wird. Marli  ist und bleibt der Stadtteil der kurzen Wege.\u201c<\/p>\n<p>Dar\u00fcber hinaus informierte  sich die Radtour-Gruppe auf dem Verkehrs\u00fcbungsplatz \u00fcber die vielf\u00e4ltigen  Angebote, die die Pr\u00e4ventionsdienststelle der Polizei dort f\u00fcr Kinder und  Jugendliche anbietet. \u201eAuf dem \u00dcbungsplatz wird weit mehr als nur Verhalten im  Stra\u00dfenverkehr vermittelt\u201c, befindet Hiller-Ohm. \u201eIch kann die Forderung nur  unterst\u00fctzen, den fast f\u00fcnfzig Jahre alten Platz im Hinblick auf die heutigen  Erfordernisse zu renovieren.\u201c Der angrenzende, neu gestaltete Meesen-platz, zu  dem die Vorsitzende der SPD Marli, Conja Grau, berichtete, hat durch die  Umgestaltung sehr gewonnen. \u201eHier ist viel passiert! Boulebahn, B\u00e4ume,  Dschungel-Spielplatz \u2013 der Meesenplatz ist ein Anlaufpunkt f\u00fcr alle Generationen  f\u00fcr Spiel, Spa\u00df und Erholung\u201c, gratuliert Hiller-Ohm. Eine weitere Station der  Fahrradtour war das Lauerholz, das die Bundestagsabgeordnete anl\u00e4sslich des  diesj\u00e4hrigen Jahres des Waldes ausgew\u00e4hlt hatte.<\/p>\n<p>\u201eAls Waldgebiet ist das  Lauerholz f\u00fcr Marli ein echtes Erholungsgebiet und dient gleichzeitig als gutes  Beispiel f\u00fcr nachhaltige Forstwirtschaft. Hier zeigt sich: Man kann mit  Forstwirtschaft Gewinne erzielen und gleichzeitig so wirtschaften, dass Seeadler  und Fischotter nicht gest\u00f6rt werden. Auch unter Klimaschutzaspekten ist der  L\u00fcbecker Stadtwald wichtig. Nur reine Naturw\u00e4lder schneiden noch besser ab\u201c,  sagt Hiller-Ohm, die sich seit vielen Jahren f\u00fcr Naturschutz und nachhaltige  Forstwirtschaft einsetzt.<\/p>\n<p>Naturschutz wurde auch beim Besuch des  Marli-Hofs thematisiert, wo die Gruppe vom Leiter der Marli GmbH, Axel  Willenberg, N\u00e4heres zum Baumschullehrpfad erfuhr. Hiller-Ohm, die den Lehrpfad  initiiert hat, freut sich \u00fcber den integrativen Charakter: \u201eHier k\u00f6nnen sich  Menschen zwanglos treffen \u2013 egal ob mit oder ohne Behinderung. Der Besuch steht  jedem offen. Ich freue mich, dass dieses Konzept so gut funktioniert und der  Lehrpfad w\u00e4chst\u201c, so Hiller-Ohm, die j\u00e4hrlich den Baum des Jahres am Lehrpfad  pflanzt.<\/p>\n","protected":false},"excerpt":{"rendered":"<p>Die L\u00fcbecker Bundestagsabgeordnete Gabriele Hiller-Ohm (SPD) hat sich am letzten Freitag auf Entdeckungstour per Fahrrad begeben. In diesem Jahr ging<\/p>\n","protected":false},"author":3,"featured_media":0,"comment_status":"open","ping_status":"open","sticky":false,"template":"","format":"standard","meta":{"colormag_page_container_layout":"default_layout","colormag_page_sidebar_layout":"default_layout","footnotes":""},"categories":[5],"tags":[],"class_list":["post-41439","post","type-post","status-publish","format-standard","hentry","category-politik-wirtschaft"],"_links":{"self":[{"href":"https:\/\/hier-luebeck.de\/index.php\/wp-json\/wp\/v2\/posts\/41439","targetHints":{"allow":["GET"]}}],"collection":[{"href":"https:\/\/hier-luebeck.de\/index.php\/wp-json\/wp\/v2\/posts"}],"about":[{"href":"https:\/\/hier-luebeck.de\/index.php\/wp-json\/wp\/v2\/types\/post"}],"author":[{"embeddable":true,"href":"https:\/\/hier-luebeck.de\/index.php\/wp-json\/wp\/v2\/users\/3"}],"replies":[{"embeddable":true,"href":"https:\/\/hier-luebeck.de\/index.php\/wp-json\/wp\/v2\/comments?post=41439"}],"version-history":[{"count":0,"href":"https:\/\/hier-luebeck.de\/index.php\/wp-json\/wp\/v2\/posts\/41439\/revisions"}],"wp:attachment":[{"href":"https:\/\/hier-luebeck.de\/index.php\/wp-json\/wp\/v2\/media?parent=41439"}],"wp:term":[{"taxonomy":"category","embeddable":true,"href":"https:\/\/hier-luebeck.de\/index.php\/wp-json\/wp\/v2\/categories?post=41439"},{"taxonomy":"post_tag","embeddable":true,"href":"https:\/\/hier-luebeck.de\/index.php\/wp-json\/wp\/v2\/tags?post=41439"}],"curies":[{"name":"wp","href":"https:\/\/api.w.org\/{rel}","templated":true}]}}